{"id":339414,"date":"2024-10-01T13:45:15","date_gmt":"2024-10-01T10:45:15","guid":{"rendered":"https:\/\/sana.sy\/es\/?p=339414"},"modified":"2024-10-01T13:45:15","modified_gmt":"2024-10-01T10:45:15","slug":"canciller-sirio-se-reune-con-miembros-de-la-comunidad-siria-en-estados-unidos-2","status":"publish","type":"post","link":"https:\/\/archive.sana.sy\/es\/?p=339414","title":{"rendered":"Canciller sirio se re\u00fane con miembros de la comunidad siria en Estados Unidos"},"content":{"rendered":"<p style=\"text-align: justify;\"><span style=\"color: #800000;\"><strong>Nueva York, 1 oct (SANA)<\/strong> <\/span>El ministro de Asuntos Exteriores y Expatriados, Bassam Sabbagh, se reuni\u00f3 con varios miembros de la comunidad siria en Estados Unidos.<\/p>\n<p style=\"text-align: justify;\">El encuentro se produjo al final de su visita a Nueva York donde particip\u00f3 en el 79\u00ba periodo de sesiones de la Asamblea General de la ONU.<\/p>\n<p style=\"text-align: justify;\">Durante la reuni\u00f3n, Sabbagh explic\u00f3 en detalles la situaci\u00f3n en Siria y los esfuerzos realizados por el gobierno para garantizar los servicios b\u00e1sicos a los sirios y combatir los remanentes de los grupo terroristas, y hacer frente a la presencia ilegal de fuerzas estadounidenses y turcas en los territorios sirios, el embargo econ\u00f3mico estadounidense y occidental y las medidas coercitivas unilaterales impuestas al pueblo sirio.<\/p>\n<p style=\"text-align: justify;\">Sabbagh afirm\u00f3 que las embajadas sirias en todos los pa\u00edses contin\u00faan brindando diversos servicios consulares y asistencia necesaria a los miembros de la comunidad.<\/p>\n<p style=\"text-align: justify;\">ed\/fm<\/p>\n","protected":false},"excerpt":{"rendered":"<p>Nueva York, 1 oct (SANA) El ministro de Asuntos Exteriores y Expatriados, Bassam Sabbagh, se reuni\u00f3 con varios miembros de la comunidad siria en Estados Unidos. El encuentro se produjo al final de su visita a Nueva York donde particip\u00f3 en el 79\u00ba periodo de sesiones de la Asamblea General de la ONU. Durante la &hellip;<\/p>\n","protected":false},"author":32,"featured_media":339415,"comment_status":"closed","ping_status":"closed","sticky":false,"template":"","format":"standard","meta":{"footnotes":""},"categories":[597,20724,467,7541],"tags":[],"class_list":["post-339414","post","type-post","status-publish","format-standard","has-post-thumbnail","","category-cinta-de-noticias","category-minuto-a-minuto","category-siria-y-el-mundo","category-ultimas-noticias"],"_links":{"self":[{"href":"https:\/\/archive.sana.sy\/es\/index.php?rest_route=\/wp\/v2\/posts\/339414"}],"collection":[{"href":"https:\/\/archive.sana.sy\/es\/index.php?rest_route=\/wp\/v2\/posts"}],"about":[{"href":"https:\/\/archive.sana.sy\/es\/index.php?rest_route=\/wp\/v2\/types\/post"}],"author":[{"embeddable":true,"href":"https:\/\/archive.sana.sy\/es\/index.php?rest_route=\/wp\/v2\/users\/32"}],"replies":[{"embeddable":true,"href":"https:\/\/archive.sana.sy\/es\/index.php?rest_route=%2Fwp%2Fv2%2Fcomments&post=339414"}],"version-history":[{"count":1,"href":"https:\/\/archive.sana.sy\/es\/index.php?rest_route=\/wp\/v2\/posts\/339414\/revisions"}],"predecessor-version":[{"id":339416,"href":"https:\/\/archive.sana.sy\/es\/index.php?rest_route=\/wp\/v2\/posts\/339414\/revisions\/339416"}],"wp:featuredmedia":[{"embeddable":true,"href":"https:\/\/archive.sana.sy\/es\/index.php?rest_route=\/wp\/v2\/media\/339415"}],"wp:attachment":[{"href":"https:\/\/archive.sana.sy\/es\/index.php?rest_route=%2Fwp%2Fv2%2Fmedia&parent=339414"}],"wp:term":[{"taxonomy":"category","embeddable":true,"href":"https:\/\/archive.sana.sy\/es\/index.php?rest_route=%2Fwp%2Fv2%2Fcategories&post=339414"},{"taxonomy":"post_tag","embeddable":true,"href":"https:\/\/archive.sana.sy\/es\/index.php?rest_route=%2Fwp%2Fv2%2Ftags&post=339414"}],"curies":[{"name":"wp","href":"https:\/\/api.w.org\/{rel}","templated":true}]}}