{"id":339454,"date":"2024-10-01T18:00:09","date_gmt":"2024-10-01T15:00:09","guid":{"rendered":"https:\/\/sana.sy\/es\/?p=339454"},"modified":"2024-10-01T18:07:09","modified_gmt":"2024-10-01T15:07:09","slug":"fuerzas-yemenies-atacan-con-drones-dos-puestos-israelies-en-los-territorios-ocupados","status":"publish","type":"post","link":"https:\/\/archive.sana.sy\/es\/?p=339454","title":{"rendered":"Fuerzas yemen\u00edes atacan con drones dos puestos israel\u00edes en los territorios ocupados"},"content":{"rendered":"<p style=\"text-align: justify\"><span style=\"color: #800000\"><strong>San\u00e1, 01 oct (SANA)<\/strong> <\/span>Las Fuerzas Armadas de Yemen confirmaron haber atacado dos puestos militares del enemigo israel\u00ed en la zona de Um al-Rashrash y Jafa, y lograron destruir sus objetivos con \u00e9xito.<\/p>\n<p style=\"text-align: justify\">En un comunicado emitido hoy, detallaron que un dron tipo Jaffa alcanz\u00f3 un objetivo militar del enemigo israel\u00ed en la regi\u00f3n ocupada de Jaffa, asimismo cuatro drones \u201cSamad 4\u201d atacaron puestos militares del enemigo en la regi\u00f3n de Um al-Rashrash (Eilat), y destruyeron exitosamente los objetivos impactados.<\/p>\n<p style=\"text-align: justify\">Agregaron que estos ataques se realizan en apoyo a la resistencia de los hermanos en Palestina ocupada y el L\u00edbano.<\/p>\n<p style=\"text-align: justify\">\u201cLas Fuerzas Armadas de Yemen saludan a los firmes combatientes en Palestina y el L\u00edbano por defender la naci\u00f3n completa, al hacer frente a la agresi\u00f3n israel\u00ed-estadounidense y sus planes destinados a subyugar a todos los pa\u00edses y pueblos. Reiteramos nuestra firme postura junto a la pueblos palestino y liban\u00e9s hasta que derroten a los agresores y frustren sus planes criminales y complots expansionistas\u201d.,<\/p>\n<p style=\"text-align: justify\">Dirigieron un llamamiento a todos los pueblos \u00e1rabes e isl\u00e1micos para participar activamente en esta decisiva batalla.<\/p>\n<p style=\"text-align: justify\">la<\/p>\n","protected":false},"excerpt":{"rendered":"<p>San\u00e1, 01 oct (SANA) Las Fuerzas Armadas de Yemen confirmaron haber atacado dos puestos militares del enemigo israel\u00ed en la zona de Um al-Rashrash y Jafa, y lograron destruir sus objetivos con \u00e9xito. En un comunicado emitido hoy, detallaron que un dron tipo Jaffa alcanz\u00f3 un objetivo militar del enemigo israel\u00ed en la regi\u00f3n ocupada &hellip;<\/p>\n","protected":false},"author":24,"featured_media":339455,"comment_status":"closed","ping_status":"closed","sticky":false,"template":"","format":"standard","meta":{"footnotes":""},"categories":[597,456,20724,7541],"tags":[],"class_list":["post-339454","post","type-post","status-publish","format-standard","has-post-thumbnail","","category-cinta-de-noticias","category-arabe-internacional-politica","category-minuto-a-minuto","category-ultimas-noticias"],"_links":{"self":[{"href":"https:\/\/archive.sana.sy\/es\/index.php?rest_route=\/wp\/v2\/posts\/339454"}],"collection":[{"href":"https:\/\/archive.sana.sy\/es\/index.php?rest_route=\/wp\/v2\/posts"}],"about":[{"href":"https:\/\/archive.sana.sy\/es\/index.php?rest_route=\/wp\/v2\/types\/post"}],"author":[{"embeddable":true,"href":"https:\/\/archive.sana.sy\/es\/index.php?rest_route=\/wp\/v2\/users\/24"}],"replies":[{"embeddable":true,"href":"https:\/\/archive.sana.sy\/es\/index.php?rest_route=%2Fwp%2Fv2%2Fcomments&post=339454"}],"version-history":[{"count":2,"href":"https:\/\/archive.sana.sy\/es\/index.php?rest_route=\/wp\/v2\/posts\/339454\/revisions"}],"predecessor-version":[{"id":339457,"href":"https:\/\/archive.sana.sy\/es\/index.php?rest_route=\/wp\/v2\/posts\/339454\/revisions\/339457"}],"wp:featuredmedia":[{"embeddable":true,"href":"https:\/\/archive.sana.sy\/es\/index.php?rest_route=\/wp\/v2\/media\/339455"}],"wp:attachment":[{"href":"https:\/\/archive.sana.sy\/es\/index.php?rest_route=%2Fwp%2Fv2%2Fmedia&parent=339454"}],"wp:term":[{"taxonomy":"category","embeddable":true,"href":"https:\/\/archive.sana.sy\/es\/index.php?rest_route=%2Fwp%2Fv2%2Fcategories&post=339454"},{"taxonomy":"post_tag","embeddable":true,"href":"https:\/\/archive.sana.sy\/es\/index.php?rest_route=%2Fwp%2Fv2%2Ftags&post=339454"}],"curies":[{"name":"wp","href":"https:\/\/api.w.org\/{rel}","templated":true}]}}