{"id":339543,"date":"2024-10-03T08:21:40","date_gmt":"2024-10-03T05:21:40","guid":{"rendered":"https:\/\/sana.sy\/es\/?p=339543"},"modified":"2024-10-03T08:28:36","modified_gmt":"2024-10-03T05:28:36","slug":"venezuela-condena-agresion-israeli-en-zona-residencial-de-siria","status":"publish","type":"post","link":"https:\/\/archive.sana.sy\/es\/?p=339543","title":{"rendered":"Venezuela condena agresi\u00f3n israel\u00ed en zona residencial de Siria"},"content":{"rendered":"<p style=\"text-align: justify;\"><span style=\"color: #800000;\"><strong>Caracas, 2 oct (SANA)<\/strong> <\/span>El Gobierno de Venezuela conden\u00f3 hoy la agresi\u00f3n de Israel en una zona residencial densamente poblada de Damasco, la capital de Siria, que ocasion\u00f3 la muerte a tres personas, hiri\u00f3 a otras nueve y ocasion\u00f3 cuantiosos da\u00f1os materiales a infraestructuras.<\/p>\n<p style=\"text-align: justify;\">El canciller de la naci\u00f3n sudamericana, Yv\u00e1n Gil, escribi\u00f3 en su cuenta de Telegram, que entre las v\u00edctimas mortales de la \u201ccobarde agresi\u00f3n perpetrada por la fuerza criminal de Israel\u201d hab\u00eda una joven periodista.<\/p>\n<p style=\"text-align: justify;\">Gil indic\u00f3 que este temeroso ataque realizado por la delincuencia sionista contra la poblaci\u00f3n civil de Siria, impact\u00f3 a escasos metros de instalaciones diplom\u00e1ticas de pa\u00edses acreditados en Damasco, entre ellas la sede de la embajada Venezolana y de la residencia oficial del embajador de Cuba.<\/p>\n<p style=\"text-align: justify;\">fm\/ed<\/p>\n","protected":false},"excerpt":{"rendered":"<p>Caracas, 2 oct (SANA) El Gobierno de Venezuela conden\u00f3 hoy la agresi\u00f3n de Israel en una zona residencial densamente poblada de Damasco, la capital de Siria, que ocasion\u00f3 la muerte a tres personas, hiri\u00f3 a otras nueve y ocasion\u00f3 cuantiosos da\u00f1os materiales a infraestructuras. El canciller de la naci\u00f3n sudamericana, Yv\u00e1n Gil, escribi\u00f3 en su &hellip;<\/p>\n","protected":false},"author":32,"featured_media":339544,"comment_status":"closed","ping_status":"closed","sticky":false,"template":"","format":"standard","meta":{"footnotes":""},"categories":[597,20724,467,7541],"tags":[],"class_list":["post-339543","post","type-post","status-publish","format-standard","has-post-thumbnail","","category-cinta-de-noticias","category-minuto-a-minuto","category-siria-y-el-mundo","category-ultimas-noticias"],"_links":{"self":[{"href":"https:\/\/archive.sana.sy\/es\/index.php?rest_route=\/wp\/v2\/posts\/339543"}],"collection":[{"href":"https:\/\/archive.sana.sy\/es\/index.php?rest_route=\/wp\/v2\/posts"}],"about":[{"href":"https:\/\/archive.sana.sy\/es\/index.php?rest_route=\/wp\/v2\/types\/post"}],"author":[{"embeddable":true,"href":"https:\/\/archive.sana.sy\/es\/index.php?rest_route=\/wp\/v2\/users\/32"}],"replies":[{"embeddable":true,"href":"https:\/\/archive.sana.sy\/es\/index.php?rest_route=%2Fwp%2Fv2%2Fcomments&post=339543"}],"version-history":[{"count":2,"href":"https:\/\/archive.sana.sy\/es\/index.php?rest_route=\/wp\/v2\/posts\/339543\/revisions"}],"predecessor-version":[{"id":339549,"href":"https:\/\/archive.sana.sy\/es\/index.php?rest_route=\/wp\/v2\/posts\/339543\/revisions\/339549"}],"wp:featuredmedia":[{"embeddable":true,"href":"https:\/\/archive.sana.sy\/es\/index.php?rest_route=\/wp\/v2\/media\/339544"}],"wp:attachment":[{"href":"https:\/\/archive.sana.sy\/es\/index.php?rest_route=%2Fwp%2Fv2%2Fmedia&parent=339543"}],"wp:term":[{"taxonomy":"category","embeddable":true,"href":"https:\/\/archive.sana.sy\/es\/index.php?rest_route=%2Fwp%2Fv2%2Fcategories&post=339543"},{"taxonomy":"post_tag","embeddable":true,"href":"https:\/\/archive.sana.sy\/es\/index.php?rest_route=%2Fwp%2Fv2%2Ftags&post=339543"}],"curies":[{"name":"wp","href":"https:\/\/api.w.org\/{rel}","templated":true}]}}