{"id":339546,"date":"2024-10-03T08:28:11","date_gmt":"2024-10-03T05:28:11","guid":{"rendered":"https:\/\/sana.sy\/es\/?p=339546"},"modified":"2024-10-03T08:28:27","modified_gmt":"2024-10-03T05:28:27","slug":"condena-cuba-bombardeo-israeli-a-capital-siria","status":"publish","type":"post","link":"https:\/\/archive.sana.sy\/es\/?p=339546","title":{"rendered":"Condena Cuba bombardeo israel\u00ed a capital siria"},"content":{"rendered":"<p style=\"text-align: justify;\"><span style=\"color: #800000;\"><strong>La Habana, 3 oct (SANA)<\/strong><\/span> El ministro de Relaciones Exteriores de Cuba, Bruno Rodr\u00edguez, conden\u00f3 en\u00e9rgicamente los ataques perpetrados por &#8220;Israel&#8221; contra Damasco, la capital siria, especialmente aquellos dirigidos al barrio de Mezzeh, donde se encuentra un n\u00famero significativo de misiones diplom\u00e1ticas.<\/p>\n<p style=\"text-align: justify;\">Rodr\u00edguez subray\u00f3 en su cuenta en X que esta acci\u00f3n viola la soberan\u00eda de Siria, el Derecho Internacional y pone en riesgo la vida de civiles y del personal diplom\u00e1tico acreditado en ese pa\u00eds.<\/p>\n<p style=\"text-align: justify;\">El Ministerio de Defensa sirio confirm\u00f3 este mi\u00e9rcoles la muerte de tres personas en un bombardeo a\u00e9reo israel\u00ed contra un edificio en Damasco, la capital de Siria.<\/p>\n<p style=\"text-align: justify;\">Se detall\u00f3 que la acci\u00f3n hostil se dirigi\u00f3 a un edificio residencial en la localidad de Mezzeh, causando tambi\u00e9n lesiones a otras tres personas y da\u00f1os materiales.<\/p>\n<p>fm\/ed<\/p>\n<p style=\"text-align: justify;\">\n","protected":false},"excerpt":{"rendered":"<p>La Habana, 3 oct (SANA) El ministro de Relaciones Exteriores de Cuba, Bruno Rodr\u00edguez, conden\u00f3 en\u00e9rgicamente los ataques perpetrados por &#8220;Israel&#8221; contra Damasco, la capital siria, especialmente aquellos dirigidos al barrio de Mezzeh, donde se encuentra un n\u00famero significativo de misiones diplom\u00e1ticas. Rodr\u00edguez subray\u00f3 en su cuenta en X que esta acci\u00f3n viola la soberan\u00eda &hellip;<\/p>\n","protected":false},"author":32,"featured_media":339547,"comment_status":"closed","ping_status":"closed","sticky":false,"template":"","format":"standard","meta":{"footnotes":""},"categories":[597,20724,467,7541],"tags":[],"class_list":["post-339546","post","type-post","status-publish","format-standard","has-post-thumbnail","","category-cinta-de-noticias","category-minuto-a-minuto","category-siria-y-el-mundo","category-ultimas-noticias"],"_links":{"self":[{"href":"https:\/\/archive.sana.sy\/es\/index.php?rest_route=\/wp\/v2\/posts\/339546"}],"collection":[{"href":"https:\/\/archive.sana.sy\/es\/index.php?rest_route=\/wp\/v2\/posts"}],"about":[{"href":"https:\/\/archive.sana.sy\/es\/index.php?rest_route=\/wp\/v2\/types\/post"}],"author":[{"embeddable":true,"href":"https:\/\/archive.sana.sy\/es\/index.php?rest_route=\/wp\/v2\/users\/32"}],"replies":[{"embeddable":true,"href":"https:\/\/archive.sana.sy\/es\/index.php?rest_route=%2Fwp%2Fv2%2Fcomments&post=339546"}],"version-history":[{"count":1,"href":"https:\/\/archive.sana.sy\/es\/index.php?rest_route=\/wp\/v2\/posts\/339546\/revisions"}],"predecessor-version":[{"id":339548,"href":"https:\/\/archive.sana.sy\/es\/index.php?rest_route=\/wp\/v2\/posts\/339546\/revisions\/339548"}],"wp:featuredmedia":[{"embeddable":true,"href":"https:\/\/archive.sana.sy\/es\/index.php?rest_route=\/wp\/v2\/media\/339547"}],"wp:attachment":[{"href":"https:\/\/archive.sana.sy\/es\/index.php?rest_route=%2Fwp%2Fv2%2Fmedia&parent=339546"}],"wp:term":[{"taxonomy":"category","embeddable":true,"href":"https:\/\/archive.sana.sy\/es\/index.php?rest_route=%2Fwp%2Fv2%2Fcategories&post=339546"},{"taxonomy":"post_tag","embeddable":true,"href":"https:\/\/archive.sana.sy\/es\/index.php?rest_route=%2Fwp%2Fv2%2Ftags&post=339546"}],"curies":[{"name":"wp","href":"https:\/\/api.w.org\/{rel}","templated":true}]}}