{"id":339550,"date":"2024-10-03T08:32:38","date_gmt":"2024-10-03T05:32:38","guid":{"rendered":"https:\/\/sana.sy\/es\/?p=339550"},"modified":"2024-10-03T13:09:09","modified_gmt":"2024-10-03T10:09:09","slug":"46-muertos-y-85-heridos-por-agresiones-aereas-israeli-contra-el-libano","status":"publish","type":"post","link":"https:\/\/archive.sana.sy\/es\/?p=339550","title":{"rendered":"46 muertos y 85 heridos por agresiones a\u00e9reas israel\u00edes contra el L\u00edbano"},"content":{"rendered":"<p style=\"text-align: justify;\"><span style=\"color: #800000;\"><strong>Beirut, 3 oct (SANA)<\/strong><\/span> El Ministerio de Salud liban\u00e9s anunci\u00f3 hoy que 46 personas perecieron y otras 85 resultaron heridas, por los ataques israel\u00edes en el L\u00edbano durante las \u00faltimas 24 horas.<\/p>\n<p style=\"text-align: justify;\">La Agencia Nacional Libanesa de Noticias inform\u00f3 que el ej\u00e9rcito israel\u00ed bombarde\u00f3 con artiller\u00eda las aldeas de Yarin, Al-Bustan, Alma Al-Shaab y las afueras de las localidades de Kafr Shuba, Al-Adisa y Kafr Kila.<\/p>\n<p style=\"text-align: justify;\">Asimismo, los cazas sionistas lanzaban violentos ataques en Beirut, el suburbio sur, y las ciudades de Khiam, Bint Jbeil, Beit Yahoun y Tulin.<\/p>\n<p style=\"text-align: justify;\">Por su parte, la Resistencia Libanesa anunci\u00f3 en un comunicado que hab\u00eda atacado con cohetes las concentraciones de fuerzas enemigas israel\u00edes en los asentamientos de Afdoun, al este de Nahariya, Rosh Pina y Avivim.<\/p>\n<p style=\"text-align: justify;\">Asimismo, una fuerza israel\u00ed que se infiltraba desde el sitio de Al-Malikiyah tambi\u00e9n fue emboscada por la resistencia en las afueras de Aitaroun en el sur del L\u00edbano.<\/p>\n<p style=\"text-align: justify;\">fm\/ed<\/p>\n","protected":false},"excerpt":{"rendered":"<p>Beirut, 3 oct (SANA) El Ministerio de Salud liban\u00e9s anunci\u00f3 hoy que 46 personas perecieron y otras 85 resultaron heridas, por los ataques israel\u00edes en el L\u00edbano durante las \u00faltimas 24 horas. La Agencia Nacional Libanesa de Noticias inform\u00f3 que el ej\u00e9rcito israel\u00ed bombarde\u00f3 con artiller\u00eda las aldeas de Yarin, Al-Bustan, Alma Al-Shaab y las &hellip;<\/p>\n","protected":false},"author":32,"featured_media":339551,"comment_status":"closed","ping_status":"closed","sticky":false,"template":"","format":"standard","meta":{"footnotes":""},"categories":[597,456,20724,583],"tags":[],"class_list":["post-339550","post","type-post","status-publish","format-standard","has-post-thumbnail","","category-cinta-de-noticias","category-arabe-internacional-politica","category-minuto-a-minuto","category-slide"],"_links":{"self":[{"href":"https:\/\/archive.sana.sy\/es\/index.php?rest_route=\/wp\/v2\/posts\/339550"}],"collection":[{"href":"https:\/\/archive.sana.sy\/es\/index.php?rest_route=\/wp\/v2\/posts"}],"about":[{"href":"https:\/\/archive.sana.sy\/es\/index.php?rest_route=\/wp\/v2\/types\/post"}],"author":[{"embeddable":true,"href":"https:\/\/archive.sana.sy\/es\/index.php?rest_route=\/wp\/v2\/users\/32"}],"replies":[{"embeddable":true,"href":"https:\/\/archive.sana.sy\/es\/index.php?rest_route=%2Fwp%2Fv2%2Fcomments&post=339550"}],"version-history":[{"count":2,"href":"https:\/\/archive.sana.sy\/es\/index.php?rest_route=\/wp\/v2\/posts\/339550\/revisions"}],"predecessor-version":[{"id":339594,"href":"https:\/\/archive.sana.sy\/es\/index.php?rest_route=\/wp\/v2\/posts\/339550\/revisions\/339594"}],"wp:featuredmedia":[{"embeddable":true,"href":"https:\/\/archive.sana.sy\/es\/index.php?rest_route=\/wp\/v2\/media\/339551"}],"wp:attachment":[{"href":"https:\/\/archive.sana.sy\/es\/index.php?rest_route=%2Fwp%2Fv2%2Fmedia&parent=339550"}],"wp:term":[{"taxonomy":"category","embeddable":true,"href":"https:\/\/archive.sana.sy\/es\/index.php?rest_route=%2Fwp%2Fv2%2Fcategories&post=339550"},{"taxonomy":"post_tag","embeddable":true,"href":"https:\/\/archive.sana.sy\/es\/index.php?rest_route=%2Fwp%2Fv2%2Ftags&post=339550"}],"curies":[{"name":"wp","href":"https:\/\/api.w.org\/{rel}","templated":true}]}}