{"id":339602,"date":"2024-10-03T15:24:02","date_gmt":"2024-10-03T12:24:02","guid":{"rendered":"https:\/\/sana.sy\/es\/?p=339602"},"modified":"2024-10-03T15:24:02","modified_gmt":"2024-10-03T12:24:02","slug":"siria-e-india-analizan-vias-para-mejorar-la-cooperacion-bilateral","status":"publish","type":"post","link":"https:\/\/archive.sana.sy\/es\/?p=339602","title":{"rendered":"Siria e India analizan v\u00edas para mejorar la cooperaci\u00f3n bilateral"},"content":{"rendered":"<p style=\"text-align: justify;\"><span style=\"color: #800000;\"><strong>Damasco, 3 oct (SANA)<\/strong> <\/span>El primer ministro, Muhammad Ghazi Al-Jalali, examin\u00f3 hoy con el embajador de la Rep\u00fablica de la India en Damasco, Ershad Ahmed, las formas de fortalecer las relaciones bilaterales en diversos campos y continuar la cooperaci\u00f3n en foros internacionales en beneficio de los dos pa\u00edses.<\/p>\n<p style=\"text-align: justify;\">Al-Jalali expres\u00f3 el deseo del gobierno sirio de desarrollar las relaciones bilaterales y explorar nuevas perspectivas de manera que sirva a los intereses de los pueblos de los dos pa\u00edses amigos.<\/p>\n<p style=\"text-align: justify;\">Llam\u00f3 a dar seguimiento a los expedientes de cooperaci\u00f3n, reactivar los proyectos conjuntos y hacer todo lo posible para desarrollar la cooperaci\u00f3n.<\/p>\n<p style=\"text-align: justify;\">E jefe del Ejecutivo subray\u00f3 importancia de fortalecer la cooperaci\u00f3n en los campos de la educaci\u00f3n, investigaci\u00f3n,\u00a0 agricultura, tecnolog\u00eda, construcci\u00f3n y transporte a\u00e9reo, y beneficiarse de la experiencia india en el campo de los institutos t\u00e9cnicos.<\/p>\n<p style=\"text-align: justify;\">Inst\u00f3 por mayor intercambio de exportaciones y el trueque de bienes necesarios para los mercados de los dos pa\u00edses.<\/p>\n<p style=\"text-align: justify;\">Por su parte, el embajador de la India afirm\u00f3 el deseo de su pa\u00eds de aumentar la cooperaci\u00f3n y las actividades conjuntas y mejorar el trabajo conjunto en los campos de la tecnolog\u00eda, la maquinaria agr\u00edcola, las becas concedidas a estudiantes sirios y la formaci\u00f3n de empleados estatales.<\/p>\n<p style=\"text-align: justify;\">Seg\u00fan el diplom\u00e1tico, las relaciones bilaterales basadas en el respeto mutuo entre India y Siria establecen una nueva fase de cooperaci\u00f3n que beneficiar\u00e1 a ambas partes.<\/p>\n<p>ahs\/fm<\/p>\n","protected":false},"excerpt":{"rendered":"<p>Damasco, 3 oct (SANA) El primer ministro, Muhammad Ghazi Al-Jalali, examin\u00f3 hoy con el embajador de la Rep\u00fablica de la India en Damasco, Ershad Ahmed, las formas de fortalecer las relaciones bilaterales en diversos campos y continuar la cooperaci\u00f3n en foros internacionales en beneficio de los dos pa\u00edses. Al-Jalali expres\u00f3 el deseo del gobierno sirio &hellip;<\/p>\n","protected":false},"author":43,"featured_media":339603,"comment_status":"closed","ping_status":"closed","sticky":false,"template":"","format":"standard","meta":{"footnotes":""},"categories":[597,20724,476,467,7541],"tags":[],"class_list":["post-339602","post","type-post","status-publish","format-standard","has-post-thumbnail","","category-cinta-de-noticias","category-minuto-a-minuto","category-locales","category-siria-y-el-mundo","category-ultimas-noticias"],"_links":{"self":[{"href":"https:\/\/archive.sana.sy\/es\/index.php?rest_route=\/wp\/v2\/posts\/339602"}],"collection":[{"href":"https:\/\/archive.sana.sy\/es\/index.php?rest_route=\/wp\/v2\/posts"}],"about":[{"href":"https:\/\/archive.sana.sy\/es\/index.php?rest_route=\/wp\/v2\/types\/post"}],"author":[{"embeddable":true,"href":"https:\/\/archive.sana.sy\/es\/index.php?rest_route=\/wp\/v2\/users\/43"}],"replies":[{"embeddable":true,"href":"https:\/\/archive.sana.sy\/es\/index.php?rest_route=%2Fwp%2Fv2%2Fcomments&post=339602"}],"version-history":[{"count":1,"href":"https:\/\/archive.sana.sy\/es\/index.php?rest_route=\/wp\/v2\/posts\/339602\/revisions"}],"predecessor-version":[{"id":339604,"href":"https:\/\/archive.sana.sy\/es\/index.php?rest_route=\/wp\/v2\/posts\/339602\/revisions\/339604"}],"wp:featuredmedia":[{"embeddable":true,"href":"https:\/\/archive.sana.sy\/es\/index.php?rest_route=\/wp\/v2\/media\/339603"}],"wp:attachment":[{"href":"https:\/\/archive.sana.sy\/es\/index.php?rest_route=%2Fwp%2Fv2%2Fmedia&parent=339602"}],"wp:term":[{"taxonomy":"category","embeddable":true,"href":"https:\/\/archive.sana.sy\/es\/index.php?rest_route=%2Fwp%2Fv2%2Fcategories&post=339602"},{"taxonomy":"post_tag","embeddable":true,"href":"https:\/\/archive.sana.sy\/es\/index.php?rest_route=%2Fwp%2Fv2%2Ftags&post=339602"}],"curies":[{"name":"wp","href":"https:\/\/api.w.org\/{rel}","templated":true}]}}