{"id":339605,"date":"2024-10-03T15:58:38","date_gmt":"2024-10-03T12:58:38","guid":{"rendered":"https:\/\/sana.sy\/es\/?p=339605"},"modified":"2024-10-03T15:58:38","modified_gmt":"2024-10-03T12:58:38","slug":"41-788-muertos-en-la-franja-de-gaza-desde-el-inicio-de-la-guerra-genocida-de-israel","status":"publish","type":"post","link":"https:\/\/archive.sana.sy\/es\/?p=339605","title":{"rendered":"41.788 muertos en la Franja de Gaza desde el inicio de la guerra genocida de Israel"},"content":{"rendered":"<p style=\"text-align: justify;\"><span style=\"color: #800000;\"><strong>Jerusal\u00e9n ocupada, 3 oct (SANA)<\/strong><\/span> El Ministerio de Salud palestino declar\u00f3 hoy que durante las \u00faltimas 24 horas, el ocupante israel\u00ed cometi\u00f3 ocho masacres con un saldo de 99 muertos y 169 heridos.<\/p>\n<p style=\"text-align: justify;\">\u201cLa cifra de v\u00edctimas durante 363 d\u00edas de agresi\u00f3n aument\u00f3 a 41.788 muertos y 96.794 heridos, mientras un n\u00famero de v\u00edctimas todav\u00eda est\u00e1n bajo los escombros y en las carreteras, y los equipos de ambulancias y de defensa civil no pueden llegar hasta ellos\u201d, indic\u00f3 el Ministerio hoy en una declaraci\u00f3n.<\/p>\n<p style=\"text-align: justify;\">Este jueves, 12 palestinos perdieron la vida a consecuencia de los bombardeos sionistas desde el amanecer en varias zonas de la Franja de Gaza.<\/p>\n<p>ahs\/fm<\/p>\n","protected":false},"excerpt":{"rendered":"<p>Jerusal\u00e9n ocupada, 3 oct (SANA) El Ministerio de Salud palestino declar\u00f3 hoy que durante las \u00faltimas 24 horas, el ocupante israel\u00ed cometi\u00f3 ocho masacres con un saldo de 99 muertos y 169 heridos. \u201cLa cifra de v\u00edctimas durante 363 d\u00edas de agresi\u00f3n aument\u00f3 a 41.788 muertos y 96.794 heridos, mientras un n\u00famero de v\u00edctimas todav\u00eda &hellip;<\/p>\n","protected":false},"author":43,"featured_media":339606,"comment_status":"closed","ping_status":"closed","sticky":false,"template":"","format":"standard","meta":{"footnotes":""},"categories":[597,456,16687,20724,583],"tags":[],"class_list":["post-339605","post","type-post","status-publish","format-standard","has-post-thumbnail","","category-cinta-de-noticias","category-arabe-internacional-politica","category-internacionales","category-minuto-a-minuto","category-slide"],"_links":{"self":[{"href":"https:\/\/archive.sana.sy\/es\/index.php?rest_route=\/wp\/v2\/posts\/339605"}],"collection":[{"href":"https:\/\/archive.sana.sy\/es\/index.php?rest_route=\/wp\/v2\/posts"}],"about":[{"href":"https:\/\/archive.sana.sy\/es\/index.php?rest_route=\/wp\/v2\/types\/post"}],"author":[{"embeddable":true,"href":"https:\/\/archive.sana.sy\/es\/index.php?rest_route=\/wp\/v2\/users\/43"}],"replies":[{"embeddable":true,"href":"https:\/\/archive.sana.sy\/es\/index.php?rest_route=%2Fwp%2Fv2%2Fcomments&post=339605"}],"version-history":[{"count":1,"href":"https:\/\/archive.sana.sy\/es\/index.php?rest_route=\/wp\/v2\/posts\/339605\/revisions"}],"predecessor-version":[{"id":339607,"href":"https:\/\/archive.sana.sy\/es\/index.php?rest_route=\/wp\/v2\/posts\/339605\/revisions\/339607"}],"wp:featuredmedia":[{"embeddable":true,"href":"https:\/\/archive.sana.sy\/es\/index.php?rest_route=\/wp\/v2\/media\/339606"}],"wp:attachment":[{"href":"https:\/\/archive.sana.sy\/es\/index.php?rest_route=%2Fwp%2Fv2%2Fmedia&parent=339605"}],"wp:term":[{"taxonomy":"category","embeddable":true,"href":"https:\/\/archive.sana.sy\/es\/index.php?rest_route=%2Fwp%2Fv2%2Fcategories&post=339605"},{"taxonomy":"post_tag","embeddable":true,"href":"https:\/\/archive.sana.sy\/es\/index.php?rest_route=%2Fwp%2Fv2%2Ftags&post=339605"}],"curies":[{"name":"wp","href":"https:\/\/api.w.org\/{rel}","templated":true}]}}