{"id":339608,"date":"2024-10-03T15:20:09","date_gmt":"2024-10-03T12:20:09","guid":{"rendered":"https:\/\/sana.sy\/es\/?p=339608"},"modified":"2024-10-03T17:36:23","modified_gmt":"2024-10-03T14:36:23","slug":"gobierno-de-espana-anuncia-ayuda-humanitaria-al-libano-y-llama-a-un-alto-el-fuego","status":"publish","type":"post","link":"https:\/\/archive.sana.sy\/es\/?p=339608","title":{"rendered":"Gobierno de Espa\u00f1a anuncia ayuda humanitaria al L\u00edbano y llama a un alto el fuego"},"content":{"rendered":"<p style=\"text-align: justify;\"><span style=\"color: #800000;\"><strong>Madrid, 3 oct (SANA)\u00a0<\/strong><\/span> El primer ministro de Espa\u00f1a, Pedro S\u00e1nchez, expres\u00f3 la solidaridad de su pa\u00eds con el L\u00edbano durante la continua y brutal agresi\u00f3n israel\u00ed a su territorio.<\/p>\n<p style=\"text-align: justify;\">\u201cAcabo de hablar con el primer ministro del L\u00edbano Najib Mikati para trasladarle mi solidaridad y apoyo ante el dif\u00edcil momento que est\u00e1 atravesando su pa\u00eds\u201d, afirm\u00f3 S\u00e1nchez hoy en su cuenta de X.<\/p>\n<p style=\"text-align: justify;\">Destac\u00f3 la importancia de respetar el derecho internacional y el derecho internacional humanitario, as\u00ed como la integridad territorial de L\u00edbano.<\/p>\n<p style=\"text-align: justify;\">El jefe del gobierno espa\u00f1ol subray\u00f3 la necesidad de parar la guerra y reclam\u00f3 un alto el fuego inmediato en Gaza y el L\u00edbano.<\/p>\n<p style=\"text-align: justify;\">&#8220;Espa\u00f1a ha aumentado su ayuda humanitaria para atender a la poblaci\u00f3n civil libanesa&#8221;, indic\u00f3.<\/p>\n<p>ahs\/rr<\/p>\n","protected":false},"excerpt":{"rendered":"<p>Madrid, 3 oct (SANA)\u00a0 El primer ministro de Espa\u00f1a, Pedro S\u00e1nchez, expres\u00f3 la solidaridad de su pa\u00eds con el L\u00edbano durante la continua y brutal agresi\u00f3n israel\u00ed a su territorio. \u201cAcabo de hablar con el primer ministro del L\u00edbano Najib Mikati para trasladarle mi solidaridad y apoyo ante el dif\u00edcil momento que est\u00e1 atravesando su &hellip;<\/p>\n","protected":false},"author":43,"featured_media":339609,"comment_status":"closed","ping_status":"closed","sticky":false,"template":"","format":"standard","meta":{"footnotes":""},"categories":[597,456,16687,20724,7541],"tags":[],"class_list":["post-339608","post","type-post","status-publish","format-standard","has-post-thumbnail","","category-cinta-de-noticias","category-arabe-internacional-politica","category-internacionales","category-minuto-a-minuto","category-ultimas-noticias"],"_links":{"self":[{"href":"https:\/\/archive.sana.sy\/es\/index.php?rest_route=\/wp\/v2\/posts\/339608"}],"collection":[{"href":"https:\/\/archive.sana.sy\/es\/index.php?rest_route=\/wp\/v2\/posts"}],"about":[{"href":"https:\/\/archive.sana.sy\/es\/index.php?rest_route=\/wp\/v2\/types\/post"}],"author":[{"embeddable":true,"href":"https:\/\/archive.sana.sy\/es\/index.php?rest_route=\/wp\/v2\/users\/43"}],"replies":[{"embeddable":true,"href":"https:\/\/archive.sana.sy\/es\/index.php?rest_route=%2Fwp%2Fv2%2Fcomments&post=339608"}],"version-history":[{"count":1,"href":"https:\/\/archive.sana.sy\/es\/index.php?rest_route=\/wp\/v2\/posts\/339608\/revisions"}],"predecessor-version":[{"id":339610,"href":"https:\/\/archive.sana.sy\/es\/index.php?rest_route=\/wp\/v2\/posts\/339608\/revisions\/339610"}],"wp:featuredmedia":[{"embeddable":true,"href":"https:\/\/archive.sana.sy\/es\/index.php?rest_route=\/wp\/v2\/media\/339609"}],"wp:attachment":[{"href":"https:\/\/archive.sana.sy\/es\/index.php?rest_route=%2Fwp%2Fv2%2Fmedia&parent=339608"}],"wp:term":[{"taxonomy":"category","embeddable":true,"href":"https:\/\/archive.sana.sy\/es\/index.php?rest_route=%2Fwp%2Fv2%2Fcategories&post=339608"},{"taxonomy":"post_tag","embeddable":true,"href":"https:\/\/archive.sana.sy\/es\/index.php?rest_route=%2Fwp%2Fv2%2Ftags&post=339608"}],"curies":[{"name":"wp","href":"https:\/\/api.w.org\/{rel}","templated":true}]}}