{"id":339611,"date":"2024-10-03T18:25:58","date_gmt":"2024-10-03T15:25:58","guid":{"rendered":"https:\/\/sana.sy\/es\/?p=339611"},"modified":"2024-10-03T19:23:36","modified_gmt":"2024-10-03T16:23:36","slug":"siria-aspira-a-una-decision-arabe-equivale-a-la-peligrosa-situacion-en-el-libano-afirma-delegado-sirio-ante-la-liga-arabe","status":"publish","type":"post","link":"https:\/\/archive.sana.sy\/es\/?p=339611","title":{"rendered":"Siria aspira a una decisi\u00f3n \u00e1rabe que est\u00e9 a la altura de la peligrosa situaci\u00f3n en el L\u00edbano, afirma delegado sirio ante la Liga \u00c1rabe"},"content":{"rendered":"<p style=\"text-align: justify;\"><span style=\"color: #800000;\"><strong>El Cairo, 3 oct (SANA)\u00a0<\/strong><\/span> El representante permanente de Siria ante la Liga de los Estados \u00c1rabes, el embajador Hossam El-Din Aala, expres\u00f3 la aspiraci\u00f3n de Siria de que se alcance una resoluci\u00f3n \u00e1rabe que est\u00e9 a la altura de la peligrosa situaci\u00f3n en el L\u00edbano como resultado de la actual agresi\u00f3n israel\u00ed contra \u00e9l, y que apoya a este pa\u00eds hermano en la defensa de su territorio y su pueblo, y en su resistencia a la agresi\u00f3n.<\/p>\n<p style=\"text-align: justify;\">Reiter\u00f3 la plena solidaridad de Siria con el pueblo liban\u00e9s y su disposici\u00f3n a prestar apoyo y asistencia a pesar de los desaf\u00edos y las graves cargas que enfrenta.<\/p>\n<p style=\"text-align: justify;\">La postura del diplom\u00e1tico sirio fue expresada durante su discurso pronunciado ante la sesi\u00f3n extraordinaria del Consejo de la Liga \u00c1rabe a nivel de delegados permanentes, celebrada en la capital egipcia, El Cairo, para la solidaridad y la prestaci\u00f3n de apoyo urgente al L\u00edbano frente a la agresi\u00f3n israel\u00ed y sus repercusiones.<\/p>\n<p style=\"text-align: justify;\">\u201cNos reunimos hoy mientras la regi\u00f3n est\u00e1 al borde de una guerra abierta por el continuo genocidio de la ocupaci\u00f3n israel\u00ed contra el pueblo palestino en la Franja de Gaza y el resto del territorio palestino ocupado, en paralelo con la escalada de sus ataques contra los pa\u00edses de la regi\u00f3n, incluido Siria, que cobraron la vida de decenas de civiles, hirieron a cientos y provocaron p\u00e9rdidas en edificios residenciales e instalaciones civiles\u201d, indic\u00f3.<\/p>\n<p style=\"text-align: justify;\">Explic\u00f3 que en el contexto de esta peligrosa escalada que amenaza la paz y la seguridad regionales e internacionales, el L\u00edbano se enfrenta a una agresi\u00f3n b\u00e1rbara y continua que caus\u00f3 la muerte y lesiones a miles de civiles y el desplazamiento de m\u00e1s de un mill\u00f3n de personas, en flagrante violaci\u00f3n de las normas del derecho internacional y humanitario, benefici\u00e1ndose del apoyo estadounidense y de la incapacidad internacional para detener estos cr\u00edmenes.<\/p>\n<p style=\"text-align: justify;\">\u201cSiria apoy\u00f3 el llamado a realizar esta sesi\u00f3n de emergencia a nivel de delegados permanentes en solidaridad con la Rep\u00fablica del L\u00edbano ante la prolongada agresi\u00f3n israel\u00ed, y aspira que se tome una decisi\u00f3n contra el terreno que est\u00e9 a la altura de esta peligrosa situaci\u00f3n y que define una posici\u00f3n \u00e1rabe de apoyo al L\u00edbano en su resistencia contra la agresi\u00f3n\u201d, enfatiz\u00f3.<\/p>\n<p style=\"text-align: justify;\">Se\u00f1al\u00f3 que el Consejo de Seguridad de las Naciones Unidas debe asumir sus responsabilidades en el mantenimiento de la paz y la seguridad internacionales y tomar las medidas inmediatas para cesar la agresi\u00f3n israel\u00ed.<\/p>\n<p style=\"text-align: justify;\">\u201cLa continuaci\u00f3n de la agresi\u00f3n israel\u00ed contra Palestina, el L\u00edbano y Siria no habr\u00eda ocurrido sin el apoyo militar, material y pol\u00edtico de Estados Unidos a esta entidad que viola la legitimidad internacional y comete crimines de guerra, lo que lo convierte en socio de estos cr\u00edmenes\u201d, destac\u00f3.<\/p>\n<p style=\"text-align: justify;\">Afirm\u00f3 que la regi\u00f3n no vivir\u00e1 la estabilidad a menos que se ponga fin a la ocupaci\u00f3n israel\u00ed de todos los territorios palestinos, sirios y libaneses, y se implementen las resoluciones del Consejo de Seguridad relacionadas con el conflicto \u00e1rabe-israel\u00ed, en particular las 242, 338 y 497, y el establecimiento de un Estado palestino independiente con Jerusal\u00e9n como capital.<\/p>\n<p style=\"text-align: justify;\"><strong>rr<\/strong><\/p>\n","protected":false},"excerpt":{"rendered":"<p>El Cairo, 3 oct (SANA)\u00a0 El representante permanente de Siria ante la Liga de los Estados \u00c1rabes, el embajador Hossam El-Din Aala, expres\u00f3 la aspiraci\u00f3n de Siria de que se alcance una resoluci\u00f3n \u00e1rabe que est\u00e9 a la altura de la peligrosa situaci\u00f3n en el L\u00edbano como resultado de la actual agresi\u00f3n israel\u00ed contra \u00e9l, &hellip;<\/p>\n","protected":false},"author":31,"featured_media":339612,"comment_status":"closed","ping_status":"closed","sticky":false,"template":"","format":"standard","meta":{"footnotes":""},"categories":[597,467,583],"tags":[],"class_list":["post-339611","post","type-post","status-publish","format-standard","has-post-thumbnail","","category-cinta-de-noticias","category-siria-y-el-mundo","category-slide"],"_links":{"self":[{"href":"https:\/\/archive.sana.sy\/es\/index.php?rest_route=\/wp\/v2\/posts\/339611"}],"collection":[{"href":"https:\/\/archive.sana.sy\/es\/index.php?rest_route=\/wp\/v2\/posts"}],"about":[{"href":"https:\/\/archive.sana.sy\/es\/index.php?rest_route=\/wp\/v2\/types\/post"}],"author":[{"embeddable":true,"href":"https:\/\/archive.sana.sy\/es\/index.php?rest_route=\/wp\/v2\/users\/31"}],"replies":[{"embeddable":true,"href":"https:\/\/archive.sana.sy\/es\/index.php?rest_route=%2Fwp%2Fv2%2Fcomments&post=339611"}],"version-history":[{"count":9,"href":"https:\/\/archive.sana.sy\/es\/index.php?rest_route=\/wp\/v2\/posts\/339611\/revisions"}],"predecessor-version":[{"id":339621,"href":"https:\/\/archive.sana.sy\/es\/index.php?rest_route=\/wp\/v2\/posts\/339611\/revisions\/339621"}],"wp:featuredmedia":[{"embeddable":true,"href":"https:\/\/archive.sana.sy\/es\/index.php?rest_route=\/wp\/v2\/media\/339612"}],"wp:attachment":[{"href":"https:\/\/archive.sana.sy\/es\/index.php?rest_route=%2Fwp%2Fv2%2Fmedia&parent=339611"}],"wp:term":[{"taxonomy":"category","embeddable":true,"href":"https:\/\/archive.sana.sy\/es\/index.php?rest_route=%2Fwp%2Fv2%2Fcategories&post=339611"},{"taxonomy":"post_tag","embeddable":true,"href":"https:\/\/archive.sana.sy\/es\/index.php?rest_route=%2Fwp%2Fv2%2Ftags&post=339611"}],"curies":[{"name":"wp","href":"https:\/\/api.w.org\/{rel}","templated":true}]}}