{"id":339622,"date":"2024-10-03T19:48:16","date_gmt":"2024-10-03T16:48:16","guid":{"rendered":"https:\/\/sana.sy\/es\/?p=339622"},"modified":"2024-10-03T19:48:16","modified_gmt":"2024-10-03T16:48:16","slug":"canciller-de-jordania-felicita-a-vicepresidente-de-siria-por-su-nuevo-cargo","status":"publish","type":"post","link":"https:\/\/archive.sana.sy\/es\/?p=339622","title":{"rendered":"Canciller de Jordania felicita a Vicepresidente de Siria por su nuevo cargo"},"content":{"rendered":"<p style=\"text-align: justify;\"><span style=\"color: #800000;\"><strong>Damasco, 3 oct (SANA)\u00a0<\/strong> <\/span>El Vicepresidente de la Rep\u00fablica \u00c1rabe Siria, Faisal Al-Mikdad recibi\u00f3 una llamada telef\u00f3nica del Ministro de Asuntos Exteriores de Jordania, Ayman Al-Safadi, en la que lo felicit\u00f3 por haber asumido el cargo de Vicepresidente.<\/p>\n<p style=\"text-align: justify;\">Durante la llamada, se abordaron los acontecimientos y peligros que enfrenta la regi\u00f3n, y se se\u00f1al\u00f3 la necesidad de una coordinaci\u00f3n conjunta para enfrentarlos.<\/p>\n<p style=\"text-align: justify;\">Cabe se\u00f1alar que el presidente sirio, Bashar Al-Assad, promulg\u00f3 el 23 de septiembre pasado un decreto en virtud del cual nombr\u00f3 a Al-Mekdad como vicepresidente de la Rep\u00fablica.<\/p>\n<p style=\"text-align: justify;\">En virtud del decreto, Al-Mekdad, quien estaba a cargo de la cartera de Asuntos Exteriores desde el a\u00f1o 2020, dar\u00e1 seguimiento a la implementaci\u00f3n de la pol\u00edtica exterior y de medios de comunicaci\u00f3n en el marco de las directivas del Presidente de la Rep\u00fablica.<\/p>\n<p style=\"text-align: justify;\">rr<\/p>\n","protected":false},"excerpt":{"rendered":"<p>Damasco, 3 oct (SANA)\u00a0 El Vicepresidente de la Rep\u00fablica \u00c1rabe Siria, Faisal Al-Mikdad recibi\u00f3 una llamada telef\u00f3nica del Ministro de Asuntos Exteriores de Jordania, Ayman Al-Safadi, en la que lo felicit\u00f3 por haber asumido el cargo de Vicepresidente. Durante la llamada, se abordaron los acontecimientos y peligros que enfrenta la regi\u00f3n, y se se\u00f1al\u00f3 la &hellip;<\/p>\n","protected":false},"author":31,"featured_media":339623,"comment_status":"closed","ping_status":"closed","sticky":false,"template":"","format":"standard","meta":{"footnotes":""},"categories":[597,476,467,583],"tags":[],"class_list":["post-339622","post","type-post","status-publish","format-standard","has-post-thumbnail","","category-cinta-de-noticias","category-locales","category-siria-y-el-mundo","category-slide"],"_links":{"self":[{"href":"https:\/\/archive.sana.sy\/es\/index.php?rest_route=\/wp\/v2\/posts\/339622"}],"collection":[{"href":"https:\/\/archive.sana.sy\/es\/index.php?rest_route=\/wp\/v2\/posts"}],"about":[{"href":"https:\/\/archive.sana.sy\/es\/index.php?rest_route=\/wp\/v2\/types\/post"}],"author":[{"embeddable":true,"href":"https:\/\/archive.sana.sy\/es\/index.php?rest_route=\/wp\/v2\/users\/31"}],"replies":[{"embeddable":true,"href":"https:\/\/archive.sana.sy\/es\/index.php?rest_route=%2Fwp%2Fv2%2Fcomments&post=339622"}],"version-history":[{"count":1,"href":"https:\/\/archive.sana.sy\/es\/index.php?rest_route=\/wp\/v2\/posts\/339622\/revisions"}],"predecessor-version":[{"id":339624,"href":"https:\/\/archive.sana.sy\/es\/index.php?rest_route=\/wp\/v2\/posts\/339622\/revisions\/339624"}],"wp:featuredmedia":[{"embeddable":true,"href":"https:\/\/archive.sana.sy\/es\/index.php?rest_route=\/wp\/v2\/media\/339623"}],"wp:attachment":[{"href":"https:\/\/archive.sana.sy\/es\/index.php?rest_route=%2Fwp%2Fv2%2Fmedia&parent=339622"}],"wp:term":[{"taxonomy":"category","embeddable":true,"href":"https:\/\/archive.sana.sy\/es\/index.php?rest_route=%2Fwp%2Fv2%2Fcategories&post=339622"},{"taxonomy":"post_tag","embeddable":true,"href":"https:\/\/archive.sana.sy\/es\/index.php?rest_route=%2Fwp%2Fv2%2Ftags&post=339622"}],"curies":[{"name":"wp","href":"https:\/\/api.w.org\/{rel}","templated":true}]}}