{"id":339625,"date":"2024-10-03T18:20:03","date_gmt":"2024-10-03T15:20:03","guid":{"rendered":"https:\/\/sana.sy\/es\/?p=339625"},"modified":"2024-10-03T20:31:09","modified_gmt":"2024-10-03T17:31:09","slug":"ejercito-ruso-libera-una-ciudad-clave-en-donetsk","status":"publish","type":"post","link":"https:\/\/archive.sana.sy\/es\/?p=339625","title":{"rendered":"Ej\u00e9rcito ruso libera una ciudad clave en Donetsk"},"content":{"rendered":"<p style=\"text-align: justify;\"><span style=\"color: #800000;\"><strong>Mosc\u00fa, 3 oct (SANA)<\/strong><\/span> El Ministerio de Defensa de Rusia anunci\u00f3 hoy la liberaci\u00f3n de la estrat\u00e9gica ciudad de Ugledar en la Rep\u00fablica Popular de Donetsk.<\/p>\n<p style=\"text-align: justify;\">&#8220;Gracias a las medidas decisivas tomadas por las unidades de nuestras fuerzas, lograremos tomar el control de la ciudad de Ugledar en la Rep\u00fablica Popular de Donetsk&#8221;, declar\u00f3 el Ministerio de Defensa rusa en su informe diario sobre el avance de su operaci\u00f3n militar especial.<\/p>\n<p style=\"text-align: justify;\">Las fuerzas rusas repelieron nueve contraataques ucranianos, en las que las p\u00e9rdidas del ej\u00e9rcito ucraniano ascendieron a unos 630 soldados, dos veh\u00edculos blindados de combate, un ob\u00fas y un ca\u00f1\u00f3n D-30.<\/p>\n<p style=\"text-align: justify;\">Anteayer, el Ministerio de Defensa ruso anunci\u00f3 que sus fuerzas liberaron la regi\u00f3n de Krutoy Yar en Donetsk y la ciudad de Vishnevoye en la provincia de Kharkov.<\/p>\n<p>ahs\/rr<\/p>\n","protected":false},"excerpt":{"rendered":"<p>Mosc\u00fa, 3 oct (SANA) El Ministerio de Defensa de Rusia anunci\u00f3 hoy la liberaci\u00f3n de la estrat\u00e9gica ciudad de Ugledar en la Rep\u00fablica Popular de Donetsk. &#8220;Gracias a las medidas decisivas tomadas por las unidades de nuestras fuerzas, lograremos tomar el control de la ciudad de Ugledar en la Rep\u00fablica Popular de Donetsk&#8221;, declar\u00f3 el &hellip;<\/p>\n","protected":false},"author":43,"featured_media":339626,"comment_status":"closed","ping_status":"closed","sticky":false,"template":"","format":"standard","meta":{"footnotes":""},"categories":[597,456,16687,20724,583],"tags":[],"class_list":["post-339625","post","type-post","status-publish","format-standard","has-post-thumbnail","","category-cinta-de-noticias","category-arabe-internacional-politica","category-internacionales","category-minuto-a-minuto","category-slide"],"_links":{"self":[{"href":"https:\/\/archive.sana.sy\/es\/index.php?rest_route=\/wp\/v2\/posts\/339625"}],"collection":[{"href":"https:\/\/archive.sana.sy\/es\/index.php?rest_route=\/wp\/v2\/posts"}],"about":[{"href":"https:\/\/archive.sana.sy\/es\/index.php?rest_route=\/wp\/v2\/types\/post"}],"author":[{"embeddable":true,"href":"https:\/\/archive.sana.sy\/es\/index.php?rest_route=\/wp\/v2\/users\/43"}],"replies":[{"embeddable":true,"href":"https:\/\/archive.sana.sy\/es\/index.php?rest_route=%2Fwp%2Fv2%2Fcomments&post=339625"}],"version-history":[{"count":1,"href":"https:\/\/archive.sana.sy\/es\/index.php?rest_route=\/wp\/v2\/posts\/339625\/revisions"}],"predecessor-version":[{"id":339627,"href":"https:\/\/archive.sana.sy\/es\/index.php?rest_route=\/wp\/v2\/posts\/339625\/revisions\/339627"}],"wp:featuredmedia":[{"embeddable":true,"href":"https:\/\/archive.sana.sy\/es\/index.php?rest_route=\/wp\/v2\/media\/339626"}],"wp:attachment":[{"href":"https:\/\/archive.sana.sy\/es\/index.php?rest_route=%2Fwp%2Fv2%2Fmedia&parent=339625"}],"wp:term":[{"taxonomy":"category","embeddable":true,"href":"https:\/\/archive.sana.sy\/es\/index.php?rest_route=%2Fwp%2Fv2%2Fcategories&post=339625"},{"taxonomy":"post_tag","embeddable":true,"href":"https:\/\/archive.sana.sy\/es\/index.php?rest_route=%2Fwp%2Fv2%2Ftags&post=339625"}],"curies":[{"name":"wp","href":"https:\/\/api.w.org\/{rel}","templated":true}]}}