{"id":339628,"date":"2024-10-03T20:56:07","date_gmt":"2024-10-03T17:56:07","guid":{"rendered":"https:\/\/sana.sy\/es\/?p=339628"},"modified":"2024-10-03T20:56:07","modified_gmt":"2024-10-03T17:56:07","slug":"siria-y-unfpa-examinan-fortalecer-la-cooperacion-conjunta-para-apoyar-a-los-llegados-libaneses","status":"publish","type":"post","link":"https:\/\/archive.sana.sy\/es\/?p=339628","title":{"rendered":"Siria y UNFPA examinan fortalecer la cooperaci\u00f3n conjunta para apoyar a los llegados libaneses"},"content":{"rendered":"<p style=\"text-align: justify;\"><span style=\"color: #800000;\"><strong>Damasco, 3 oct (SANA)\u00a0<\/strong><\/span> La ministra de Asuntos Sociales y Trabajo, Samar Al-Sibai, estudi\u00f3 con la representante del Fondo de Poblaci\u00f3n de las Naciones Unidas (UNFPA) en Siria, Muriel Mafico, el desarrollo de la cooperaci\u00f3n conjunta, a la luz de la llegada de numerosos libaneses y sirios al pa\u00eds.<\/p>\n<p style=\"text-align: justify;\">La ministra siria destac\u00f3 los esfuerzos de las organizaciones no gubernamentales que desempe\u00f1an un papel importante en garantizar las necesidades b\u00e1sicos de los llegados\u00a0 libaneses.<\/p>\n<p style=\"text-align: justify;\">Por su parte, Mafico se\u00f1al\u00f3 el apoyo permanente brindado por el Ministerio a UNFPA, lo que reflejar\u00e1 positivamente sobre el trabajo entre ambas partes y contribuir\u00e1 al \u00e9xito de la labor humanitaria y de socorro.<\/p>\n<p style=\"text-align: justify;\">Indic\u00f3 que la UNFPA har\u00e1 m\u00e1s esfuerzos para movilizar recursos adicionales para apoyar la respuesta r\u00e1pida a los llegados y asegurar todas sus necesidades, a trav\u00e9s de la coordinaci\u00f3n con las diversas organizaciones de las Naciones Unidas, de una manera que logre una respuesta m\u00e1s eficiente.<\/p>\n<p>ahs\/rr<\/p>\n","protected":false},"excerpt":{"rendered":"<p>Damasco, 3 oct (SANA)\u00a0 La ministra de Asuntos Sociales y Trabajo, Samar Al-Sibai, estudi\u00f3 con la representante del Fondo de Poblaci\u00f3n de las Naciones Unidas (UNFPA) en Siria, Muriel Mafico, el desarrollo de la cooperaci\u00f3n conjunta, a la luz de la llegada de numerosos libaneses y sirios al pa\u00eds. La ministra siria destac\u00f3 los esfuerzos &hellip;<\/p>\n","protected":false},"author":43,"featured_media":339629,"comment_status":"closed","ping_status":"closed","sticky":false,"template":"","format":"standard","meta":{"footnotes":""},"categories":[597,20724,476,7541],"tags":[],"class_list":["post-339628","post","type-post","status-publish","format-standard","has-post-thumbnail","","category-cinta-de-noticias","category-minuto-a-minuto","category-locales","category-ultimas-noticias"],"_links":{"self":[{"href":"https:\/\/archive.sana.sy\/es\/index.php?rest_route=\/wp\/v2\/posts\/339628"}],"collection":[{"href":"https:\/\/archive.sana.sy\/es\/index.php?rest_route=\/wp\/v2\/posts"}],"about":[{"href":"https:\/\/archive.sana.sy\/es\/index.php?rest_route=\/wp\/v2\/types\/post"}],"author":[{"embeddable":true,"href":"https:\/\/archive.sana.sy\/es\/index.php?rest_route=\/wp\/v2\/users\/43"}],"replies":[{"embeddable":true,"href":"https:\/\/archive.sana.sy\/es\/index.php?rest_route=%2Fwp%2Fv2%2Fcomments&post=339628"}],"version-history":[{"count":1,"href":"https:\/\/archive.sana.sy\/es\/index.php?rest_route=\/wp\/v2\/posts\/339628\/revisions"}],"predecessor-version":[{"id":339630,"href":"https:\/\/archive.sana.sy\/es\/index.php?rest_route=\/wp\/v2\/posts\/339628\/revisions\/339630"}],"wp:featuredmedia":[{"embeddable":true,"href":"https:\/\/archive.sana.sy\/es\/index.php?rest_route=\/wp\/v2\/media\/339629"}],"wp:attachment":[{"href":"https:\/\/archive.sana.sy\/es\/index.php?rest_route=%2Fwp%2Fv2%2Fmedia&parent=339628"}],"wp:term":[{"taxonomy":"category","embeddable":true,"href":"https:\/\/archive.sana.sy\/es\/index.php?rest_route=%2Fwp%2Fv2%2Fcategories&post=339628"},{"taxonomy":"post_tag","embeddable":true,"href":"https:\/\/archive.sana.sy\/es\/index.php?rest_route=%2Fwp%2Fv2%2Ftags&post=339628"}],"curies":[{"name":"wp","href":"https:\/\/api.w.org\/{rel}","templated":true}]}}