{"id":339639,"date":"2024-10-04T11:34:25","date_gmt":"2024-10-04T08:34:25","guid":{"rendered":"https:\/\/sana.sy\/es\/?p=339639"},"modified":"2024-10-04T19:53:46","modified_gmt":"2024-10-04T16:53:46","slug":"canciller-de-iran-llega-a-beirut-al-frente-de-una-delegacion-diplomatica","status":"publish","type":"post","link":"https:\/\/archive.sana.sy\/es\/?p=339639","title":{"rendered":"Canciller de Ir\u00e1n llega a Beirut al frente de una delegaci\u00f3n diplom\u00e1tica"},"content":{"rendered":"<p style=\"text-align: justify;\"><span style=\"color: #800000;\"><strong>Beirut, 4 oct (SANA)<\/strong><\/span> El ministro de Relaciones Exteriores de Ir\u00e1n, Abbas Aragchi, arrib\u00f3 a Beirut, la capital de L\u00edbano, en una visita de solidaridad con el pa\u00eds.<\/p>\n<p style=\"text-align: justify;\">La agencia de noticias IRNA cit\u00f3 al portavoz de la Canciller\u00eda iran\u00ed, Ismail Baghaei, que Ir\u00e1n mantiene firme su solidaridad con el valiente pueblo liban\u00e9s.<\/p>\n<p style=\"text-align: justify;\">El vocero iran\u00ed destac\u00f3 que toda la regi\u00f3n debe comprender la gravedad de la situaci\u00f3n que enfrenta L\u00edbano y sus repercusiones en el futuro de los pa\u00edses de la regi\u00f3n.<\/p>\n<p style=\"text-align: justify;\">Detall\u00f3 que la delegaci\u00f3n, encabezada por el ministro de Relaciones Exteriores Aragchi, incluye a diputados del Parlamento iran\u00ed y al presidente de la Media Luna Roja Iran\u00ed.<\/p>\n<p style=\"text-align: justify;\">Asimismo, se\u00f1al\u00f3 que Aragchi tiene previsto reunirse con el primer ministro interino de L\u00edbano, Najib Mikati, y con el presidente del Parlamento, Nabih Berri.<\/p>\n<p style=\"text-align: justify;\">Baghaei agreg\u00f3 que, como parte de la ayuda humanitaria que ofrece Ir\u00e1n, se entregar\u00e1 a L\u00edbano un cargamento de 10 toneladas de alimentos y medicamentos.<\/p>\n<p style=\"text-align: justify;\"><em><strong>ah<\/strong><\/em><\/p>\n","protected":false},"excerpt":{"rendered":"<p>Beirut, 4 oct (SANA) El ministro de Relaciones Exteriores de Ir\u00e1n, Abbas Aragchi, arrib\u00f3 a Beirut, la capital de L\u00edbano, en una visita de solidaridad con el pa\u00eds. La agencia de noticias IRNA cit\u00f3 al portavoz de la Canciller\u00eda iran\u00ed, Ismail Baghaei, que Ir\u00e1n mantiene firme su solidaridad con el valiente pueblo liban\u00e9s. El vocero &hellip;<\/p>\n","protected":false},"author":30,"featured_media":339640,"comment_status":"closed","ping_status":"closed","sticky":false,"template":"","format":"standard","meta":{"footnotes":""},"categories":[597,456,20724,7541],"tags":[],"class_list":["post-339639","post","type-post","status-publish","format-standard","has-post-thumbnail","","category-cinta-de-noticias","category-arabe-internacional-politica","category-minuto-a-minuto","category-ultimas-noticias"],"_links":{"self":[{"href":"https:\/\/archive.sana.sy\/es\/index.php?rest_route=\/wp\/v2\/posts\/339639"}],"collection":[{"href":"https:\/\/archive.sana.sy\/es\/index.php?rest_route=\/wp\/v2\/posts"}],"about":[{"href":"https:\/\/archive.sana.sy\/es\/index.php?rest_route=\/wp\/v2\/types\/post"}],"author":[{"embeddable":true,"href":"https:\/\/archive.sana.sy\/es\/index.php?rest_route=\/wp\/v2\/users\/30"}],"replies":[{"embeddable":true,"href":"https:\/\/archive.sana.sy\/es\/index.php?rest_route=%2Fwp%2Fv2%2Fcomments&post=339639"}],"version-history":[{"count":4,"href":"https:\/\/archive.sana.sy\/es\/index.php?rest_route=\/wp\/v2\/posts\/339639\/revisions"}],"predecessor-version":[{"id":339672,"href":"https:\/\/archive.sana.sy\/es\/index.php?rest_route=\/wp\/v2\/posts\/339639\/revisions\/339672"}],"wp:featuredmedia":[{"embeddable":true,"href":"https:\/\/archive.sana.sy\/es\/index.php?rest_route=\/wp\/v2\/media\/339640"}],"wp:attachment":[{"href":"https:\/\/archive.sana.sy\/es\/index.php?rest_route=%2Fwp%2Fv2%2Fmedia&parent=339639"}],"wp:term":[{"taxonomy":"category","embeddable":true,"href":"https:\/\/archive.sana.sy\/es\/index.php?rest_route=%2Fwp%2Fv2%2Fcategories&post=339639"},{"taxonomy":"post_tag","embeddable":true,"href":"https:\/\/archive.sana.sy\/es\/index.php?rest_route=%2Fwp%2Fv2%2Ftags&post=339639"}],"curies":[{"name":"wp","href":"https:\/\/api.w.org\/{rel}","templated":true}]}}