{"id":339647,"date":"2024-10-04T16:21:16","date_gmt":"2024-10-04T13:21:16","guid":{"rendered":"https:\/\/sana.sy\/es\/?p=339647"},"modified":"2024-10-04T16:21:16","modified_gmt":"2024-10-04T13:21:16","slug":"oman-la-paz-se-logra-poniendo-fin-a-la-ocupacion-israeli-de-palestina","status":"publish","type":"post","link":"https:\/\/archive.sana.sy\/es\/?p=339647","title":{"rendered":"Om\u00e1n: La paz se logra poniendo fin a la ocupaci\u00f3n israel\u00ed de Palestina"},"content":{"rendered":"<p style=\"text-align: justify;\"><span style=\"color: #800000;\"><strong>Mascate, 4 oct (SANA)\u00a0 \u00a0<\/strong><\/span>Poner fin a la ocupaci\u00f3n ilegal israel\u00ed de Palestina permite a la regi\u00f3n y al mundo restablecer la paz, afirm\u00f3 hoy el Ministro de Asuntos Exteriores del Sultanato de Om\u00e1n, Badr Al Busaidi.<\/p>\n<p style=\"text-align: justify;\">Seg\u00fan la Agencia de Noticias Oman\u00ed, el canciller oman\u00ed denunci\u00f3 la pol\u00edtica de los pa\u00edses occidentales de defender a \u201cIsrael\u201d.<\/p>\n<p style=\"text-align: justify;\">\u201cCualquiera que crea que puede lograr la paz por otros medios o mediante un apoyo pol\u00edtico, militar y financiero constante a \u00a8Israel\u00a8 es ignorante, enga\u00f1ado o intenta deliberadamente evitar la verdad\u201d, indic\u00f3.<\/p>\n<p style=\"text-align: justify;\">rr<\/p>\n","protected":false},"excerpt":{"rendered":"<p>Mascate, 4 oct (SANA)\u00a0 \u00a0Poner fin a la ocupaci\u00f3n ilegal israel\u00ed de Palestina permite a la regi\u00f3n y al mundo restablecer la paz, afirm\u00f3 hoy el Ministro de Asuntos Exteriores del Sultanato de Om\u00e1n, Badr Al Busaidi. Seg\u00fan la Agencia de Noticias Oman\u00ed, el canciller oman\u00ed denunci\u00f3 la pol\u00edtica de los pa\u00edses occidentales de defender &hellip;<\/p>\n","protected":false},"author":31,"featured_media":339648,"comment_status":"closed","ping_status":"closed","sticky":false,"template":"","format":"standard","meta":{"footnotes":""},"categories":[597,456,16687,7541],"tags":[],"class_list":["post-339647","post","type-post","status-publish","format-standard","has-post-thumbnail","","category-cinta-de-noticias","category-arabe-internacional-politica","category-internacionales","category-ultimas-noticias"],"_links":{"self":[{"href":"https:\/\/archive.sana.sy\/es\/index.php?rest_route=\/wp\/v2\/posts\/339647"}],"collection":[{"href":"https:\/\/archive.sana.sy\/es\/index.php?rest_route=\/wp\/v2\/posts"}],"about":[{"href":"https:\/\/archive.sana.sy\/es\/index.php?rest_route=\/wp\/v2\/types\/post"}],"author":[{"embeddable":true,"href":"https:\/\/archive.sana.sy\/es\/index.php?rest_route=\/wp\/v2\/users\/31"}],"replies":[{"embeddable":true,"href":"https:\/\/archive.sana.sy\/es\/index.php?rest_route=%2Fwp%2Fv2%2Fcomments&post=339647"}],"version-history":[{"count":1,"href":"https:\/\/archive.sana.sy\/es\/index.php?rest_route=\/wp\/v2\/posts\/339647\/revisions"}],"predecessor-version":[{"id":339649,"href":"https:\/\/archive.sana.sy\/es\/index.php?rest_route=\/wp\/v2\/posts\/339647\/revisions\/339649"}],"wp:featuredmedia":[{"embeddable":true,"href":"https:\/\/archive.sana.sy\/es\/index.php?rest_route=\/wp\/v2\/media\/339648"}],"wp:attachment":[{"href":"https:\/\/archive.sana.sy\/es\/index.php?rest_route=%2Fwp%2Fv2%2Fmedia&parent=339647"}],"wp:term":[{"taxonomy":"category","embeddable":true,"href":"https:\/\/archive.sana.sy\/es\/index.php?rest_route=%2Fwp%2Fv2%2Fcategories&post=339647"},{"taxonomy":"post_tag","embeddable":true,"href":"https:\/\/archive.sana.sy\/es\/index.php?rest_route=%2Fwp%2Fv2%2Ftags&post=339647"}],"curies":[{"name":"wp","href":"https:\/\/api.w.org\/{rel}","templated":true}]}}