{"id":339676,"date":"2024-10-04T10:20:04","date_gmt":"2024-10-04T07:20:04","guid":{"rendered":"https:\/\/sana.sy\/es\/?p=339676"},"modified":"2024-10-04T20:55:26","modified_gmt":"2024-10-04T17:55:26","slug":"41-802-palestinos-muertos-desde-el-inicio-de-la-agresion-israeli-contra-gaza","status":"publish","type":"post","link":"https:\/\/archive.sana.sy\/es\/?p=339676","title":{"rendered":"41.802 palestinos muertos desde el inicio de la agresi\u00f3n israel\u00ed contra Gaza"},"content":{"rendered":"<p style=\"text-align: justify;\"><span style=\"color: #800000;\"><strong>Jerusal\u00e9n ocupada, 4 oct (SANA)\u00a0<\/strong><\/span>\u00a0 Nueve palestinos murieron y otros resultaron heridos hoy a consecuencia de un bombardeo israel\u00ed contra la Franja de Gaza, inform\u00f3 la agencia palestina de noticias WAFA.<\/p>\n<p style=\"text-align: justify;\">\u201cLos cazas del ocupante israel\u00ed bombardearon una vivienda al oeste de la ciudad de Gaza y otra en Khan Yunis, al sur de la Franja, lo que provoc\u00f3 la muerte de nueve civiles y heridas a otros\u201d, detall\u00f3.<\/p>\n<p style=\"text-align: justify;\">Asimismo, varios palestinos resultaron heridos como resultado de los bombardeos de artiller\u00eda israel\u00ed contra el sureste de la ciudad de Deir Al-Balah en el centro de la Franja de Gaza.<\/p>\n<p style=\"text-align: justify;\">El Ministerio de Salud palestino anunci\u00f3 hoy que el n\u00famero de v\u00edctimas de la agresi\u00f3n de ocupaci\u00f3n en curso contra la Franja de Gaza durante 364 d\u00edas lleg\u00f3 a 41.802 muertos y 96.844 heridos.<\/p>\n<p style=\"text-align: justify;\">Aclar\u00f3 que varias v\u00edctimas todav\u00eda se encuentran bajo los escombros y en las carreteras, y los equipos de ambulancias y de defensa civil no pueden llegar hasta ellos.<\/p>\n<p style=\"text-align: justify;\">rr<\/p>\n","protected":false},"excerpt":{"rendered":"<p>Jerusal\u00e9n ocupada, 4 oct (SANA)\u00a0\u00a0 Nueve palestinos murieron y otros resultaron heridos hoy a consecuencia de un bombardeo israel\u00ed contra la Franja de Gaza, inform\u00f3 la agencia palestina de noticias WAFA. \u201cLos cazas del ocupante israel\u00ed bombardearon una vivienda al oeste de la ciudad de Gaza y otra en Khan Yunis, al sur de la &hellip;<\/p>\n","protected":false},"author":31,"featured_media":339679,"comment_status":"closed","ping_status":"closed","sticky":false,"template":"","format":"standard","meta":{"footnotes":""},"categories":[597,456,16687,583],"tags":[],"class_list":["post-339676","post","type-post","status-publish","format-standard","has-post-thumbnail","","category-cinta-de-noticias","category-arabe-internacional-politica","category-internacionales","category-slide"],"_links":{"self":[{"href":"https:\/\/archive.sana.sy\/es\/index.php?rest_route=\/wp\/v2\/posts\/339676"}],"collection":[{"href":"https:\/\/archive.sana.sy\/es\/index.php?rest_route=\/wp\/v2\/posts"}],"about":[{"href":"https:\/\/archive.sana.sy\/es\/index.php?rest_route=\/wp\/v2\/types\/post"}],"author":[{"embeddable":true,"href":"https:\/\/archive.sana.sy\/es\/index.php?rest_route=\/wp\/v2\/users\/31"}],"replies":[{"embeddable":true,"href":"https:\/\/archive.sana.sy\/es\/index.php?rest_route=%2Fwp%2Fv2%2Fcomments&post=339676"}],"version-history":[{"count":1,"href":"https:\/\/archive.sana.sy\/es\/index.php?rest_route=\/wp\/v2\/posts\/339676\/revisions"}],"predecessor-version":[{"id":339682,"href":"https:\/\/archive.sana.sy\/es\/index.php?rest_route=\/wp\/v2\/posts\/339676\/revisions\/339682"}],"wp:featuredmedia":[{"embeddable":true,"href":"https:\/\/archive.sana.sy\/es\/index.php?rest_route=\/wp\/v2\/media\/339679"}],"wp:attachment":[{"href":"https:\/\/archive.sana.sy\/es\/index.php?rest_route=%2Fwp%2Fv2%2Fmedia&parent=339676"}],"wp:term":[{"taxonomy":"category","embeddable":true,"href":"https:\/\/archive.sana.sy\/es\/index.php?rest_route=%2Fwp%2Fv2%2Fcategories&post=339676"},{"taxonomy":"post_tag","embeddable":true,"href":"https:\/\/archive.sana.sy\/es\/index.php?rest_route=%2Fwp%2Fv2%2Ftags&post=339676"}],"curies":[{"name":"wp","href":"https:\/\/api.w.org\/{rel}","templated":true}]}}