{"id":339686,"date":"2024-10-05T10:29:16","date_gmt":"2024-10-05T07:29:16","guid":{"rendered":"https:\/\/sana.sy\/es\/?p=339686"},"modified":"2024-10-05T19:46:55","modified_gmt":"2024-10-05T16:46:55","slug":"canciller-de-iran-inicia-visita-a-siria-y-la-situacion-regional-centrara-sus-conversaciones","status":"publish","type":"post","link":"https:\/\/archive.sana.sy\/es\/?p=339686","title":{"rendered":"Canciller de Ir\u00e1n inicia visita a Siria y la situaci\u00f3n regional centrar\u00e1 sus conversaciones"},"content":{"rendered":"<p style=\"text-align: justify;\"><span style=\"color: #800000;\"><strong>Damasco, 4 oct (SANA)<\/strong> <\/span>El ministro de Asuntos Exteriores de Ir\u00e1n, Abbas Araghchi, lleg\u00f3 hoy a Damasco donde se reuni\u00f3 con su hom\u00f3logo sirio, Bassam Sabbagh.<\/p>\n<p style=\"text-align: justify;\">Las conversaciones abordar\u00e1n los recientes desarrollos en la regi\u00f3n, especialmente la agresi\u00f3n israel\u00ed contra L\u00edbano, adem\u00e1s de abordar las relaciones bilaterales entre Siria e Ir\u00e1n.<\/p>\n<p style=\"text-align: justify;\">Araghchi hab\u00eda visitado L\u00edbano este viernes, donde se reuni\u00f3 con el presidente del Parlamento, Nabih Berri, y el primer ministro interino, Najib Mikati.<\/p>\n<p style=\"text-align: justify;\"><em><strong>fm\/ ah<\/strong><\/em><\/p>\n","protected":false},"excerpt":{"rendered":"<p>Damasco, 4 oct (SANA) El ministro de Asuntos Exteriores de Ir\u00e1n, Abbas Araghchi, lleg\u00f3 hoy a Damasco donde se reuni\u00f3 con su hom\u00f3logo sirio, Bassam Sabbagh. Las conversaciones abordar\u00e1n los recientes desarrollos en la regi\u00f3n, especialmente la agresi\u00f3n israel\u00ed contra L\u00edbano, adem\u00e1s de abordar las relaciones bilaterales entre Siria e Ir\u00e1n. Araghchi hab\u00eda visitado L\u00edbano &hellip;<\/p>\n","protected":false},"author":30,"featured_media":339687,"comment_status":"closed","ping_status":"closed","sticky":false,"template":"","format":"standard","meta":{"footnotes":""},"categories":[597,20724,467],"tags":[],"class_list":["post-339686","post","type-post","status-publish","format-standard","has-post-thumbnail","","category-cinta-de-noticias","category-minuto-a-minuto","category-siria-y-el-mundo"],"_links":{"self":[{"href":"https:\/\/archive.sana.sy\/es\/index.php?rest_route=\/wp\/v2\/posts\/339686"}],"collection":[{"href":"https:\/\/archive.sana.sy\/es\/index.php?rest_route=\/wp\/v2\/posts"}],"about":[{"href":"https:\/\/archive.sana.sy\/es\/index.php?rest_route=\/wp\/v2\/types\/post"}],"author":[{"embeddable":true,"href":"https:\/\/archive.sana.sy\/es\/index.php?rest_route=\/wp\/v2\/users\/30"}],"replies":[{"embeddable":true,"href":"https:\/\/archive.sana.sy\/es\/index.php?rest_route=%2Fwp%2Fv2%2Fcomments&post=339686"}],"version-history":[{"count":2,"href":"https:\/\/archive.sana.sy\/es\/index.php?rest_route=\/wp\/v2\/posts\/339686\/revisions"}],"predecessor-version":[{"id":339746,"href":"https:\/\/archive.sana.sy\/es\/index.php?rest_route=\/wp\/v2\/posts\/339686\/revisions\/339746"}],"wp:featuredmedia":[{"embeddable":true,"href":"https:\/\/archive.sana.sy\/es\/index.php?rest_route=\/wp\/v2\/media\/339687"}],"wp:attachment":[{"href":"https:\/\/archive.sana.sy\/es\/index.php?rest_route=%2Fwp%2Fv2%2Fmedia&parent=339686"}],"wp:term":[{"taxonomy":"category","embeddable":true,"href":"https:\/\/archive.sana.sy\/es\/index.php?rest_route=%2Fwp%2Fv2%2Fcategories&post=339686"},{"taxonomy":"post_tag","embeddable":true,"href":"https:\/\/archive.sana.sy\/es\/index.php?rest_route=%2Fwp%2Fv2%2Ftags&post=339686"}],"curies":[{"name":"wp","href":"https:\/\/api.w.org\/{rel}","templated":true}]}}