{"id":339696,"date":"2024-10-05T11:54:21","date_gmt":"2024-10-05T08:54:21","guid":{"rendered":"https:\/\/sana.sy\/es\/?p=339696"},"modified":"2024-10-05T19:46:30","modified_gmt":"2024-10-05T16:46:30","slug":"tres-civiles-mueren-por-agresiones-israelies-contra-libano","status":"publish","type":"post","link":"https:\/\/archive.sana.sy\/es\/?p=339696","title":{"rendered":"Mueren tres civiles por agresiones israel\u00edes contra\u00a0L\u00edbano"},"content":{"rendered":"<p style=\"text-align: justify;\"><span style=\"color: #800000;\"><strong>Beirut, 5 oct (SANA)<\/strong> <\/span>Tres libaneses perdieron la vida y otros resultaron heridos durante las \u00faltimas 12 horas debido a bombardeos del enemigo israel\u00ed contra el Valle de Bekaa y el sur de Nabatieh.<\/p>\n<p style=\"text-align: justify;\">Seg\u00fan la Agencia Nacional de Noticias de L\u00edbano, una persona muri\u00f3 tras una agresi\u00f3n del enemigo israel\u00ed contra su casa en la localidad de Al-Omari en el Valle de Saad Nayel, en Bekaa central.<\/p>\n<p style=\"text-align: justify;\">Asimismo, un dron del enemigo israel\u00ed bombarde\u00f3 un veh\u00edculo en la carretera entre las localidades de Marj Zebdine y Nabatieh a medianoche, lo que result\u00f3 en dos muertos, mientras otro dron volvi\u00f3 a atacar un veh\u00edculo civil entre la entrada de la ciudad de Nabatieh y Zebdine, causando heridos cuyo n\u00famero a\u00fan no se determin\u00f3.<\/p>\n<p style=\"text-align: justify;\">Las agresiones brutales del enemigo sionista y sus violaciones del derecho internacional humanitario contin\u00faan, donde agrede \u00e1reas residenciales y centros m\u00e9dicos.<\/p>\n<p style=\"text-align: justify;\">Este s\u00e1bado, la ocupaci\u00f3n israel\u00ed lanz\u00f3 una agresi\u00f3n contra el centro de la organizaci\u00f3n de salud en la localidad de Siddiqin, adem\u00e1s de otros ataques a las localidades de Qana y Tayr Daba en la regi\u00f3n de Tiro, en el sur del L\u00edbano.<\/p>\n<p style=\"text-align: justify;\"><em><strong>ah<\/strong><\/em><\/p>\n","protected":false},"excerpt":{"rendered":"<p>Beirut, 5 oct (SANA) Tres libaneses perdieron la vida y otros resultaron heridos durante las \u00faltimas 12 horas debido a bombardeos del enemigo israel\u00ed contra el Valle de Bekaa y el sur de Nabatieh. Seg\u00fan la Agencia Nacional de Noticias de L\u00edbano, una persona muri\u00f3 tras una agresi\u00f3n del enemigo israel\u00ed contra su casa en &hellip;<\/p>\n","protected":false},"author":30,"featured_media":339698,"comment_status":"closed","ping_status":"closed","sticky":false,"template":"","format":"standard","meta":{"footnotes":""},"categories":[597,456,20724],"tags":[],"class_list":["post-339696","post","type-post","status-publish","format-standard","has-post-thumbnail","","category-cinta-de-noticias","category-arabe-internacional-politica","category-minuto-a-minuto"],"_links":{"self":[{"href":"https:\/\/archive.sana.sy\/es\/index.php?rest_route=\/wp\/v2\/posts\/339696"}],"collection":[{"href":"https:\/\/archive.sana.sy\/es\/index.php?rest_route=\/wp\/v2\/posts"}],"about":[{"href":"https:\/\/archive.sana.sy\/es\/index.php?rest_route=\/wp\/v2\/types\/post"}],"author":[{"embeddable":true,"href":"https:\/\/archive.sana.sy\/es\/index.php?rest_route=\/wp\/v2\/users\/30"}],"replies":[{"embeddable":true,"href":"https:\/\/archive.sana.sy\/es\/index.php?rest_route=%2Fwp%2Fv2%2Fcomments&post=339696"}],"version-history":[{"count":2,"href":"https:\/\/archive.sana.sy\/es\/index.php?rest_route=\/wp\/v2\/posts\/339696\/revisions"}],"predecessor-version":[{"id":339700,"href":"https:\/\/archive.sana.sy\/es\/index.php?rest_route=\/wp\/v2\/posts\/339696\/revisions\/339700"}],"wp:featuredmedia":[{"embeddable":true,"href":"https:\/\/archive.sana.sy\/es\/index.php?rest_route=\/wp\/v2\/media\/339698"}],"wp:attachment":[{"href":"https:\/\/archive.sana.sy\/es\/index.php?rest_route=%2Fwp%2Fv2%2Fmedia&parent=339696"}],"wp:term":[{"taxonomy":"category","embeddable":true,"href":"https:\/\/archive.sana.sy\/es\/index.php?rest_route=%2Fwp%2Fv2%2Fcategories&post=339696"},{"taxonomy":"post_tag","embeddable":true,"href":"https:\/\/archive.sana.sy\/es\/index.php?rest_route=%2Fwp%2Fv2%2Ftags&post=339696"}],"curies":[{"name":"wp","href":"https:\/\/api.w.org\/{rel}","templated":true}]}}