{"id":339701,"date":"2024-10-05T12:01:43","date_gmt":"2024-10-05T09:01:43","guid":{"rendered":"https:\/\/sana.sy\/es\/?p=339701"},"modified":"2024-10-05T19:47:40","modified_gmt":"2024-10-05T16:47:40","slug":"israel-asesino-a-73-trabajadores-del-sector-salud-en-libano","status":"publish","type":"post","link":"https:\/\/archive.sana.sy\/es\/?p=339701","title":{"rendered":"\u201cIsrael\u201d asesin\u00f3 a 73 trabajadores del sector salud en L\u00edbano"},"content":{"rendered":"<p style=\"text-align: justify;\"><span style=\"color: #800000;\"><strong>Ginebra, 5 oct (SANA)<\/strong> <\/span>La Organizaci\u00f3n Mundial de la Salud anunci\u00f3 que 73 trabajadores del sector salud en L\u00edbano perdieron la vida como resultado de las agresiones israel\u00edes.<\/p>\n<p style=\"text-align: justify;\">La organizaci\u00f3n explic\u00f3 en un comunicado a trav\u00e9s de su p\u00e1gina en la plataforma X que L\u00edbano enfrenta una crisis de salud debido a las agresiones israel\u00edes que dejaron 1,974 muertos, 9,384 heridos y 346,209 desplazados.<\/p>\n<p style=\"text-align: justify;\">OMS destac\u00f3 que las fuerzas israel\u00edes realizaron 34 ataques a instalaciones de atenci\u00f3n m\u00e9dica, lo que result\u00f3 en la muerte de 73 trabajadores de la salud y heridas a 67 m\u00e1s.<\/p>\n<p style=\"text-align: justify;\">La sala de operaciones del servicio de emergencia de la organizaci\u00f3n de salud isl\u00e1mica en L\u00edbano report\u00f3 este viernes la muerte de 11 de sus param\u00e9dicos debido a agresiones israel\u00edes contra los equipos de rescate en la localidad de Marjeyoun.<\/p>\n<p style=\"text-align: justify;\">Las fuerzas del enemigo israel\u00ed han estado atacando repetidamente y de manera intencionada a los rescatistas y equipos de emergencia en L\u00edbano, donde el jueves pasado un soldado liban\u00e9s muri\u00f3 mientras participaba en una operaci\u00f3n de rescate en una aldea del sur del L\u00edbano junto con un equipo de la Cruz Roja.<\/p>\n<p style=\"text-align: justify;\">Por su parte, la Cruz Roja Libanesa enfatiz\u00f3 que el derecho internacional reconoce la protecci\u00f3n de los trabajadores de la salud, quienes est\u00e1n comprometidos con salvar vidas.<\/p>\n<p style=\"text-align: justify;\"><em><strong>ah<\/strong><\/em><\/p>\n<p style=\"text-align: justify;\">\n","protected":false},"excerpt":{"rendered":"<p>Ginebra, 5 oct (SANA) La Organizaci\u00f3n Mundial de la Salud anunci\u00f3 que 73 trabajadores del sector salud en L\u00edbano perdieron la vida como resultado de las agresiones israel\u00edes. La organizaci\u00f3n explic\u00f3 en un comunicado a trav\u00e9s de su p\u00e1gina en la plataforma X que L\u00edbano enfrenta una crisis de salud debido a las agresiones israel\u00edes &hellip;<\/p>\n","protected":false},"author":30,"featured_media":339702,"comment_status":"closed","ping_status":"closed","sticky":false,"template":"","format":"standard","meta":{"footnotes":""},"categories":[597,456,20724],"tags":[],"class_list":["post-339701","post","type-post","status-publish","format-standard","has-post-thumbnail","","category-cinta-de-noticias","category-arabe-internacional-politica","category-minuto-a-minuto"],"_links":{"self":[{"href":"https:\/\/archive.sana.sy\/es\/index.php?rest_route=\/wp\/v2\/posts\/339701"}],"collection":[{"href":"https:\/\/archive.sana.sy\/es\/index.php?rest_route=\/wp\/v2\/posts"}],"about":[{"href":"https:\/\/archive.sana.sy\/es\/index.php?rest_route=\/wp\/v2\/types\/post"}],"author":[{"embeddable":true,"href":"https:\/\/archive.sana.sy\/es\/index.php?rest_route=\/wp\/v2\/users\/30"}],"replies":[{"embeddable":true,"href":"https:\/\/archive.sana.sy\/es\/index.php?rest_route=%2Fwp%2Fv2%2Fcomments&post=339701"}],"version-history":[{"count":1,"href":"https:\/\/archive.sana.sy\/es\/index.php?rest_route=\/wp\/v2\/posts\/339701\/revisions"}],"predecessor-version":[{"id":339703,"href":"https:\/\/archive.sana.sy\/es\/index.php?rest_route=\/wp\/v2\/posts\/339701\/revisions\/339703"}],"wp:featuredmedia":[{"embeddable":true,"href":"https:\/\/archive.sana.sy\/es\/index.php?rest_route=\/wp\/v2\/media\/339702"}],"wp:attachment":[{"href":"https:\/\/archive.sana.sy\/es\/index.php?rest_route=%2Fwp%2Fv2%2Fmedia&parent=339701"}],"wp:term":[{"taxonomy":"category","embeddable":true,"href":"https:\/\/archive.sana.sy\/es\/index.php?rest_route=%2Fwp%2Fv2%2Fcategories&post=339701"},{"taxonomy":"post_tag","embeddable":true,"href":"https:\/\/archive.sana.sy\/es\/index.php?rest_route=%2Fwp%2Fv2%2Ftags&post=339701"}],"curies":[{"name":"wp","href":"https:\/\/api.w.org\/{rel}","templated":true}]}}