{"id":339707,"date":"2024-10-05T15:22:03","date_gmt":"2024-10-05T12:22:03","guid":{"rendered":"https:\/\/sana.sy\/es\/?p=339707"},"modified":"2024-10-05T15:22:18","modified_gmt":"2024-10-05T12:22:18","slug":"presidente-sirio-recibe-a-canciller-de-iran","status":"publish","type":"post","link":"https:\/\/archive.sana.sy\/es\/?p=339707","title":{"rendered":"Presidente sirio recibe a Canciller de Ir\u00e1n"},"content":{"rendered":"<p style=\"text-align: justify;\"><span style=\"color: #800000;\"><strong>Damasco, 5 oct (SANA)\u00a0<\/strong><\/span> El presidente sirio Bashar Al-Assad, calific\u00f3 de estrat\u00e9gica la relaci\u00f3n entre su pa\u00eds e Ir\u00e1n y subray\u00f3 la importancia de esa alianza para enfrentar los desaf\u00edos y peligros que amenazan a la regi\u00f3n y sus pueblos, en particular la continua ocupaci\u00f3n israel\u00ed de tierras \u00e1rabes y los cr\u00edmenes cometidos contra civiles en L\u00edbano, Palestina y Siria.<\/p>\n<p style=\"text-align: justify;\"><a href=\"http:\/\/sana.sy\/es\/wp-content\/uploads\/2024\/10\/f.jpg\"><img loading=\"lazy\" decoding=\"async\" class=\" wp-image-339709 alignleft\" src=\"http:\/\/sana.sy\/es\/wp-content\/uploads\/2024\/10\/f.jpg\" alt=\"\" width=\"455\" height=\"202\" srcset=\"https:\/\/archive.sana.sy\/es\/wp-content\/uploads\/2024\/10\/f.jpg 1280w, https:\/\/archive.sana.sy\/es\/wp-content\/uploads\/2024\/10\/f-300x133.jpg 300w, https:\/\/archive.sana.sy\/es\/wp-content\/uploads\/2024\/10\/f-1024x454.jpg 1024w, https:\/\/archive.sana.sy\/es\/wp-content\/uploads\/2024\/10\/f-150x67.jpg 150w, https:\/\/archive.sana.sy\/es\/wp-content\/uploads\/2024\/10\/f-768x341.jpg 768w\" sizes=\"(max-width: 455px) 100vw, 455px\" \/><\/a>Esta postura del mandatario sirio fue expresada durante su encuentro hoy en Damasco, la capital siria, con el ministro de Asuntos Exteriores iran\u00ed, Abbas Araghchi.<\/p>\n<p style=\"text-align: justify;\">Al-Assad afirm\u00f3 que la resistencia contra todas las formas de ocupaci\u00f3n, agresi\u00f3n y asesinatos en masa es un derecho leg\u00edtimo y s\u00f3lido gracias a la aceptaci\u00f3n y fe popular en el mismo.<\/p>\n<p style=\"text-align: justify;\">Consider\u00f3 que la respuesta iran\u00ed a las repetidas violaciones y ataques llevados a cabo por \u201cIsrael\u201d contra los pueblos de la regi\u00f3n y la soberan\u00eda de sus pa\u00edses fue una respuesta contundente y dio una lecci\u00f3n a Tel Aviv de que el eje de resistencia es capaz de disuadir el enemigo y frustrar sus planes, y que este eje se mantendr\u00e1 fuerte y firme gracias a la voluntad y la solidaridad de sus pueblos.<\/p>\n<p style=\"text-align: justify;\">Por otro lado, opin\u00f3 que la \u00fanica soluci\u00f3n consiste en detener las matanzas y el derramamiento de sangre de personas inocentes y devolver los derechos de sus due\u00f1os leg\u00edtimos.<\/p>\n<p style=\"text-align: justify;\">Al-Assad y Araqchi repasaron las formas de detener la agresi\u00f3n israel\u00ed contra el hermano L\u00edbano y la importancia de brindar apoyo y asistencia a los hermanos libaneses en medio del gran desplazamiento causado por la agresi\u00f3n israel\u00ed.<br \/>\nEl jefe de la diplomacia iran\u00ed manifest\u00f3 su confianza en la fuerza de la resistencia en el L\u00edbano y Palestina para hacer frente a la maquinaria de destrucci\u00f3n y asesinato, y subray\u00f3 la necesidad de la coordinaci\u00f3n con todos los pa\u00edses que la apoyan para detener esta agresi\u00f3n.<\/p>\n<p style=\"text-align: justify;\">fm\/ed<\/p>\n","protected":false},"excerpt":{"rendered":"<p>Damasco, 5 oct (SANA)\u00a0 El presidente sirio Bashar Al-Assad, calific\u00f3 de estrat\u00e9gica la relaci\u00f3n entre su pa\u00eds e Ir\u00e1n y subray\u00f3 la importancia de esa alianza para enfrentar los desaf\u00edos y peligros que amenazan a la regi\u00f3n y sus pueblos, en particular la continua ocupaci\u00f3n israel\u00ed de tierras \u00e1rabes y los cr\u00edmenes cometidos contra civiles &hellip;<\/p>\n","protected":false},"author":32,"featured_media":339708,"comment_status":"closed","ping_status":"closed","sticky":false,"template":"","format":"standard","meta":{"footnotes":""},"categories":[597,20724,476,16237,583,626],"tags":[],"class_list":["post-339707","post","type-post","status-publish","format-standard","has-post-thumbnail","","category-cinta-de-noticias","category-minuto-a-minuto","category-locales","category-presidence-de-la-republique-arabe-syria","category-slide","category-sr-presidente"],"_links":{"self":[{"href":"https:\/\/archive.sana.sy\/es\/index.php?rest_route=\/wp\/v2\/posts\/339707"}],"collection":[{"href":"https:\/\/archive.sana.sy\/es\/index.php?rest_route=\/wp\/v2\/posts"}],"about":[{"href":"https:\/\/archive.sana.sy\/es\/index.php?rest_route=\/wp\/v2\/types\/post"}],"author":[{"embeddable":true,"href":"https:\/\/archive.sana.sy\/es\/index.php?rest_route=\/wp\/v2\/users\/32"}],"replies":[{"embeddable":true,"href":"https:\/\/archive.sana.sy\/es\/index.php?rest_route=%2Fwp%2Fv2%2Fcomments&post=339707"}],"version-history":[{"count":1,"href":"https:\/\/archive.sana.sy\/es\/index.php?rest_route=\/wp\/v2\/posts\/339707\/revisions"}],"predecessor-version":[{"id":339710,"href":"https:\/\/archive.sana.sy\/es\/index.php?rest_route=\/wp\/v2\/posts\/339707\/revisions\/339710"}],"wp:featuredmedia":[{"embeddable":true,"href":"https:\/\/archive.sana.sy\/es\/index.php?rest_route=\/wp\/v2\/media\/339708"}],"wp:attachment":[{"href":"https:\/\/archive.sana.sy\/es\/index.php?rest_route=%2Fwp%2Fv2%2Fmedia&parent=339707"}],"wp:term":[{"taxonomy":"category","embeddable":true,"href":"https:\/\/archive.sana.sy\/es\/index.php?rest_route=%2Fwp%2Fv2%2Fcategories&post=339707"},{"taxonomy":"post_tag","embeddable":true,"href":"https:\/\/archive.sana.sy\/es\/index.php?rest_route=%2Fwp%2Fv2%2Ftags&post=339707"}],"curies":[{"name":"wp","href":"https:\/\/api.w.org\/{rel}","templated":true}]}}