{"id":339734,"date":"2024-10-05T13:40:08","date_gmt":"2024-10-05T10:40:08","guid":{"rendered":"https:\/\/sana.sy\/es\/?p=339734"},"modified":"2024-10-05T17:24:34","modified_gmt":"2024-10-05T14:24:34","slug":"ejercito-israeli-asesino-a-740-palestinos-en-cisjordania","status":"publish","type":"post","link":"https:\/\/archive.sana.sy\/es\/?p=339734","title":{"rendered":"Ej\u00e9rcito israel\u00ed asesin\u00f3 a 740 palestinos en Cisjordania"},"content":{"rendered":"<p style=\"text-align: justify;\"><span style=\"color: #800000;\"><strong>Jerusal\u00e9n ocupada, 5 oct (SANA)<\/strong><\/span> M\u00e1s de 740 palestinos, incluidos 163 ni\u00f1os, murieron en la ocupada Cisjordania por ataques de militares y colonos israel\u00edes en el \u00faltimo a\u00f1o.<\/p>\n<p style=\"text-align: justify;\">Seg\u00fan el Ministerio de Salud palestino, al menos 741 ciudadanos perdieron la vida desde el inicio de la escalada israel\u00edes el 7 de octubre de 2023.<\/p>\n<p style=\"text-align: justify;\">Precis\u00f3 que seis mil 250 personas resultaron heridas durante el mismo per\u00edodo en el territorio.<\/p>\n<p style=\"text-align: justify;\">Esta ma\u00f1ana un palestino de 30 a\u00f1os muri\u00f3 por disparos de soldados israel\u00edes en un intento de arresto en la localidad de Tubas.<\/p>\n<p style=\"text-align: justify;\">La sure\u00f1a gobernaci\u00f3n de Hebr\u00f3n fue la m\u00e1s afectada por la violencia con 335 incidentes seguida de Ramalah (174) y Jerusal\u00e9n (154).<\/p>\n<p style=\"text-align: justify;\">fm\/ed<\/p>\n","protected":false},"excerpt":{"rendered":"<p>Jerusal\u00e9n ocupada, 5 oct (SANA) M\u00e1s de 740 palestinos, incluidos 163 ni\u00f1os, murieron en la ocupada Cisjordania por ataques de militares y colonos israel\u00edes en el \u00faltimo a\u00f1o. Seg\u00fan el Ministerio de Salud palestino, al menos 741 ciudadanos perdieron la vida desde el inicio de la escalada israel\u00edes el 7 de octubre de 2023. Precis\u00f3 &hellip;<\/p>\n","protected":false},"author":32,"featured_media":339735,"comment_status":"closed","ping_status":"closed","sticky":false,"template":"","format":"standard","meta":{"footnotes":""},"categories":[597,456,20724,583],"tags":[],"class_list":["post-339734","post","type-post","status-publish","format-standard","has-post-thumbnail","","category-cinta-de-noticias","category-arabe-internacional-politica","category-minuto-a-minuto","category-slide"],"_links":{"self":[{"href":"https:\/\/archive.sana.sy\/es\/index.php?rest_route=\/wp\/v2\/posts\/339734"}],"collection":[{"href":"https:\/\/archive.sana.sy\/es\/index.php?rest_route=\/wp\/v2\/posts"}],"about":[{"href":"https:\/\/archive.sana.sy\/es\/index.php?rest_route=\/wp\/v2\/types\/post"}],"author":[{"embeddable":true,"href":"https:\/\/archive.sana.sy\/es\/index.php?rest_route=\/wp\/v2\/users\/32"}],"replies":[{"embeddable":true,"href":"https:\/\/archive.sana.sy\/es\/index.php?rest_route=%2Fwp%2Fv2%2Fcomments&post=339734"}],"version-history":[{"count":1,"href":"https:\/\/archive.sana.sy\/es\/index.php?rest_route=\/wp\/v2\/posts\/339734\/revisions"}],"predecessor-version":[{"id":339736,"href":"https:\/\/archive.sana.sy\/es\/index.php?rest_route=\/wp\/v2\/posts\/339734\/revisions\/339736"}],"wp:featuredmedia":[{"embeddable":true,"href":"https:\/\/archive.sana.sy\/es\/index.php?rest_route=\/wp\/v2\/media\/339735"}],"wp:attachment":[{"href":"https:\/\/archive.sana.sy\/es\/index.php?rest_route=%2Fwp%2Fv2%2Fmedia&parent=339734"}],"wp:term":[{"taxonomy":"category","embeddable":true,"href":"https:\/\/archive.sana.sy\/es\/index.php?rest_route=%2Fwp%2Fv2%2Fcategories&post=339734"},{"taxonomy":"post_tag","embeddable":true,"href":"https:\/\/archive.sana.sy\/es\/index.php?rest_route=%2Fwp%2Fv2%2Ftags&post=339734"}],"curies":[{"name":"wp","href":"https:\/\/api.w.org\/{rel}","templated":true}]}}