{"id":339737,"date":"2024-10-05T16:48:42","date_gmt":"2024-10-05T13:48:42","guid":{"rendered":"https:\/\/sana.sy\/es\/?p=339737"},"modified":"2024-10-05T16:48:42","modified_gmt":"2024-10-05T13:48:42","slug":"homenaje-en-chile-a-los-ninos-asesinados-en-gaza","status":"publish","type":"post","link":"https:\/\/archive.sana.sy\/es\/?p=339737","title":{"rendered":"Homenaje en Chile a los ni\u00f1os asesinados en Gaza"},"content":{"rendered":"<p style=\"text-align: justify;\"><span style=\"color: #800000;\"><strong>Santiago de Chile, 5 oct (SANA)<\/strong> <\/span>Un grupo de chilenos se concentr\u00f3 frente al Palacio de La Moneda, sede del Gobierno, para rendir homenaje a los m\u00e1s de 17 mil ni\u00f1os asesinados por los bombardeos israel\u00edes en la Franja de Gaza.<\/p>\n<p style=\"text-align: justify;\">\u201cYo te nombro\u201d es el lema de la campa\u00f1a que consiste en dar a conocer all\u00ed durante 24 horas qui\u00e9nes son los menores v\u00edctimas del genocidio perpetrado por Tel Aviv.<\/p>\n<p style=\"text-align: justify;\">\u201cEsta es una iniciativa que nace de la coordinaci\u00f3n de vecinos de la comuna de \u00d1u\u00f1oa para visibilizar lo que est\u00e1 pasando en Palestina y dejar de hablar de las v\u00edctimas como si fueran n\u00fameros\u201d, declar\u00f3 a Prensa Latina el miembro de esa agrupaci\u00f3n \u00c1lvaro Pardo.<\/p>\n<p style=\"text-align: justify;\">Denunci\u00f3 la terrible situaci\u00f3n en Gaza, un territorio mucho m\u00e1s peque\u00f1o que la capital chilena, donde viven unas dos millones de personas, que est\u00e1 siendo bombardeado de manera permanente y la cantidad de v\u00edctimas mortales se acerca a las 42 mil.<\/p>\n<p style=\"text-align: justify;\">El homenaje comenz\u00f3 el viernes a las 15:00 (hora local) y se extender\u00e1 hasta la tarde de hoy.<\/p>\n<p style=\"text-align: justify;\"><a href=\"http:\/\/sana.sy\/es\/wp-content\/uploads\/2024\/10\/photo_2024-10-05_16-44-12.jpg\"><img loading=\"lazy\" decoding=\"async\" class=\" wp-image-339739 alignleft\" src=\"http:\/\/sana.sy\/es\/wp-content\/uploads\/2024\/10\/photo_2024-10-05_16-44-12.jpg\" alt=\"\" width=\"381\" height=\"241\" srcset=\"https:\/\/archive.sana.sy\/es\/wp-content\/uploads\/2024\/10\/photo_2024-10-05_16-44-12.jpg 1024w, https:\/\/archive.sana.sy\/es\/wp-content\/uploads\/2024\/10\/photo_2024-10-05_16-44-12-300x190.jpg 300w, https:\/\/archive.sana.sy\/es\/wp-content\/uploads\/2024\/10\/photo_2024-10-05_16-44-12-150x95.jpg 150w, https:\/\/archive.sana.sy\/es\/wp-content\/uploads\/2024\/10\/photo_2024-10-05_16-44-12-768x486.jpg 768w\" sizes=\"(max-width: 381px) 100vw, 381px\" \/><\/a>\u201cLa idea es que la gente entienda lo que est\u00e1 pasando porque la \u00fanica manera de detener este horror es que todas las personas del mundo y los gobiernos digan: esto tiene que parar\u201d, expres\u00f3.<\/p>\n<p style=\"text-align: justify;\">Pardo afirm\u00f3 que el conflicto en el Medio Oriente se est\u00e1 extendiendo e Israel no tiene ninguna intenci\u00f3n de detenerse.<\/p>\n<p style=\"text-align: justify;\">\u201cEl drama que est\u00e1 viviendo el pueblo palestino es un drama de toda la humanidad\u201d, dijo.<\/p>\n<p style=\"text-align: justify;\">El activista hizo un llamado a Chile y el mundo a movilizarse por la paz para lograr detener esta barbarie.<\/p>\n<p style=\"text-align: justify;\">Para hoy est\u00e1 prevista una manifestaci\u00f3n en solidaridad con Palestina que partir\u00e1 desde el Centro Gabriela Mistral, pasar\u00e1 por el Palacio de La Moneda y concluir\u00e1 en la Plaza de los H\u00e9roes.<\/p>\n<p style=\"text-align: justify;\">La marcha por la avenida de La Alameda es convocada por la Coordinadora por Palestina en ocasi\u00f3n de conmemorarse el 7 de octubre un a\u00f1o del inicio del genocidio Israel\u00ed contra ese pueblo.<\/p>\n<p style=\"text-align: justify;\"><strong>Por Carmen Esquivel<\/strong><br \/>\n<strong>Fuente: Prensa Latina<\/strong><\/p>\n","protected":false},"excerpt":{"rendered":"<p>Santiago de Chile, 5 oct (SANA) Un grupo de chilenos se concentr\u00f3 frente al Palacio de La Moneda, sede del Gobierno, para rendir homenaje a los m\u00e1s de 17 mil ni\u00f1os asesinados por los bombardeos israel\u00edes en la Franja de Gaza. \u201cYo te nombro\u201d es el lema de la campa\u00f1a que consiste en dar a &hellip;<\/p>\n","protected":false},"author":32,"featured_media":339738,"comment_status":"closed","ping_status":"closed","sticky":false,"template":"","format":"standard","meta":{"footnotes":""},"categories":[597,456,20724,7541],"tags":[],"class_list":["post-339737","post","type-post","status-publish","format-standard","has-post-thumbnail","","category-cinta-de-noticias","category-arabe-internacional-politica","category-minuto-a-minuto","category-ultimas-noticias"],"_links":{"self":[{"href":"https:\/\/archive.sana.sy\/es\/index.php?rest_route=\/wp\/v2\/posts\/339737"}],"collection":[{"href":"https:\/\/archive.sana.sy\/es\/index.php?rest_route=\/wp\/v2\/posts"}],"about":[{"href":"https:\/\/archive.sana.sy\/es\/index.php?rest_route=\/wp\/v2\/types\/post"}],"author":[{"embeddable":true,"href":"https:\/\/archive.sana.sy\/es\/index.php?rest_route=\/wp\/v2\/users\/32"}],"replies":[{"embeddable":true,"href":"https:\/\/archive.sana.sy\/es\/index.php?rest_route=%2Fwp%2Fv2%2Fcomments&post=339737"}],"version-history":[{"count":1,"href":"https:\/\/archive.sana.sy\/es\/index.php?rest_route=\/wp\/v2\/posts\/339737\/revisions"}],"predecessor-version":[{"id":339740,"href":"https:\/\/archive.sana.sy\/es\/index.php?rest_route=\/wp\/v2\/posts\/339737\/revisions\/339740"}],"wp:featuredmedia":[{"embeddable":true,"href":"https:\/\/archive.sana.sy\/es\/index.php?rest_route=\/wp\/v2\/media\/339738"}],"wp:attachment":[{"href":"https:\/\/archive.sana.sy\/es\/index.php?rest_route=%2Fwp%2Fv2%2Fmedia&parent=339737"}],"wp:term":[{"taxonomy":"category","embeddable":true,"href":"https:\/\/archive.sana.sy\/es\/index.php?rest_route=%2Fwp%2Fv2%2Fcategories&post=339737"},{"taxonomy":"post_tag","embeddable":true,"href":"https:\/\/archive.sana.sy\/es\/index.php?rest_route=%2Fwp%2Fv2%2Ftags&post=339737"}],"curies":[{"name":"wp","href":"https:\/\/api.w.org\/{rel}","templated":true}]}}