{"id":339741,"date":"2024-10-05T17:02:46","date_gmt":"2024-10-05T14:02:46","guid":{"rendered":"https:\/\/sana.sy\/es\/?p=339741"},"modified":"2024-10-05T17:02:46","modified_gmt":"2024-10-05T14:02:46","slug":"resistencia-iraqui-ataca-con-drones-tres-blancos-vitales-israelies","status":"publish","type":"post","link":"https:\/\/archive.sana.sy\/es\/?p=339741","title":{"rendered":"Resistencia iraqu\u00ed ataca con drones tres blancos vitales israel\u00edes"},"content":{"rendered":"<p style=\"text-align: justify;\"><span style=\"color: #800000;\"><strong>Bagdad, 5 oct (SANA)\u00a0<\/strong> <\/span>\u00a0La Resistencia en Iraq bombarde\u00f3 hoy tres blancos vitales de \u201cIsrael\u201d al norte de los territorios palestinos ocupados.<\/p>\n<p style=\"text-align: justify;\">En una declaraci\u00f3n, la Resistencia anunci\u00f3 que sus combatientes emplearon veh\u00edculos a\u00e9reos no tripulados contra tres objetivos vitales de \u201cIsrael\u201d al norte de territorios ocupados.<\/p>\n<p style=\"text-align: justify;\">\u201cEsta acci\u00f3n forma parte del enfoque de resistencia y en apoyo a Gaza y el L\u00edbano que enfrentan agresiones israel\u00edes\u201d, destac\u00f3.<\/p>\n<p style=\"text-align: justify;\">La v\u00edspera, la resistencia iraqu\u00ed atac\u00f3 tres sitios militares israel\u00edes en los territorios ocupados utilizando drones.<\/p>\n<p style=\"text-align: justify;\">ed\/fm<\/p>\n","protected":false},"excerpt":{"rendered":"<p>Bagdad, 5 oct (SANA)\u00a0 \u00a0La Resistencia en Iraq bombarde\u00f3 hoy tres blancos vitales de \u201cIsrael\u201d al norte de los territorios palestinos ocupados. En una declaraci\u00f3n, la Resistencia anunci\u00f3 que sus combatientes emplearon veh\u00edculos a\u00e9reos no tripulados contra tres objetivos vitales de \u201cIsrael\u201d al norte de territorios ocupados. \u201cEsta acci\u00f3n forma parte del enfoque de resistencia &hellip;<\/p>\n","protected":false},"author":32,"featured_media":339742,"comment_status":"closed","ping_status":"closed","sticky":false,"template":"","format":"standard","meta":{"footnotes":""},"categories":[597,456,20724,7541],"tags":[],"class_list":["post-339741","post","type-post","status-publish","format-standard","has-post-thumbnail","","category-cinta-de-noticias","category-arabe-internacional-politica","category-minuto-a-minuto","category-ultimas-noticias"],"_links":{"self":[{"href":"https:\/\/archive.sana.sy\/es\/index.php?rest_route=\/wp\/v2\/posts\/339741"}],"collection":[{"href":"https:\/\/archive.sana.sy\/es\/index.php?rest_route=\/wp\/v2\/posts"}],"about":[{"href":"https:\/\/archive.sana.sy\/es\/index.php?rest_route=\/wp\/v2\/types\/post"}],"author":[{"embeddable":true,"href":"https:\/\/archive.sana.sy\/es\/index.php?rest_route=\/wp\/v2\/users\/32"}],"replies":[{"embeddable":true,"href":"https:\/\/archive.sana.sy\/es\/index.php?rest_route=%2Fwp%2Fv2%2Fcomments&post=339741"}],"version-history":[{"count":1,"href":"https:\/\/archive.sana.sy\/es\/index.php?rest_route=\/wp\/v2\/posts\/339741\/revisions"}],"predecessor-version":[{"id":339743,"href":"https:\/\/archive.sana.sy\/es\/index.php?rest_route=\/wp\/v2\/posts\/339741\/revisions\/339743"}],"wp:featuredmedia":[{"embeddable":true,"href":"https:\/\/archive.sana.sy\/es\/index.php?rest_route=\/wp\/v2\/media\/339742"}],"wp:attachment":[{"href":"https:\/\/archive.sana.sy\/es\/index.php?rest_route=%2Fwp%2Fv2%2Fmedia&parent=339741"}],"wp:term":[{"taxonomy":"category","embeddable":true,"href":"https:\/\/archive.sana.sy\/es\/index.php?rest_route=%2Fwp%2Fv2%2Fcategories&post=339741"},{"taxonomy":"post_tag","embeddable":true,"href":"https:\/\/archive.sana.sy\/es\/index.php?rest_route=%2Fwp%2Fv2%2Ftags&post=339741"}],"curies":[{"name":"wp","href":"https:\/\/api.w.org\/{rel}","templated":true}]}}