{"id":339801,"date":"2024-10-07T05:58:43","date_gmt":"2024-10-07T02:58:43","guid":{"rendered":"https:\/\/sana.sy\/es\/?p=339801"},"modified":"2024-10-07T05:58:43","modified_gmt":"2024-10-07T02:58:43","slug":"perdidas-materiales-por-una-agresion-israeli-contra-varios-sitios-en-la-region-central-de-siria","status":"publish","type":"post","link":"https:\/\/archive.sana.sy\/es\/?p=339801","title":{"rendered":"P\u00e9rdidas materiales por una agresi\u00f3n israel\u00ed contra varios sitios en la Regi\u00f3n Central de Siria"},"content":{"rendered":"<p style=\"text-align: justify;\"><span style=\"color: #800000;\"><strong>Damasco, 7 oct (SANA)\u00a0<\/strong> <\/span>Se produjeron p\u00e9rdidas materiales tras una agresi\u00f3n israel\u00ed contra varios sitios en la Regi\u00f3n Central de Siria.<\/p>\n<p style=\"text-align: justify;\">Una fuente militar declar\u00f3 a SANA que \u201caproximadamente a las 20:05 hora local de este domingo, 6 de octubre, el enemigo israel\u00ed lanz\u00f3 un ataque a\u00e9reo desde el norte del L\u00edbano, contra varios sitios militares.<\/p>\n<p style=\"text-align: justify;\">La fuente a\u00f1adi\u00f3 que la agresi\u00f3n provoc\u00f3 p\u00e9rdidas materiales.<\/p>\n<p style=\"text-align: justify;\">fm<\/p>\n<p style=\"text-align: justify;\">\n","protected":false},"excerpt":{"rendered":"<p>Damasco, 7 oct (SANA)\u00a0 Se produjeron p\u00e9rdidas materiales tras una agresi\u00f3n israel\u00ed contra varios sitios en la Regi\u00f3n Central de Siria. Una fuente militar declar\u00f3 a SANA que \u201caproximadamente a las 20:05 hora local de este domingo, 6 de octubre, el enemigo israel\u00ed lanz\u00f3 un ataque a\u00e9reo desde el norte del L\u00edbano, contra varios sitios &hellip;<\/p>\n","protected":false},"author":34,"featured_media":339802,"comment_status":"closed","ping_status":"closed","sticky":false,"template":"","format":"standard","meta":{"footnotes":""},"categories":[447,477,597,573,20724,7541],"tags":[],"class_list":["post-339801","post","type-post","status-publish","format-standard","has-post-thumbnail","","category-local-politica","category-noticias-edulcorantes","category-cinta-de-noticias","category-la-realidad-de-los-acontecimientos-en-siria","category-minuto-a-minuto","category-ultimas-noticias"],"_links":{"self":[{"href":"https:\/\/archive.sana.sy\/es\/index.php?rest_route=\/wp\/v2\/posts\/339801"}],"collection":[{"href":"https:\/\/archive.sana.sy\/es\/index.php?rest_route=\/wp\/v2\/posts"}],"about":[{"href":"https:\/\/archive.sana.sy\/es\/index.php?rest_route=\/wp\/v2\/types\/post"}],"author":[{"embeddable":true,"href":"https:\/\/archive.sana.sy\/es\/index.php?rest_route=\/wp\/v2\/users\/34"}],"replies":[{"embeddable":true,"href":"https:\/\/archive.sana.sy\/es\/index.php?rest_route=%2Fwp%2Fv2%2Fcomments&post=339801"}],"version-history":[{"count":1,"href":"https:\/\/archive.sana.sy\/es\/index.php?rest_route=\/wp\/v2\/posts\/339801\/revisions"}],"predecessor-version":[{"id":339803,"href":"https:\/\/archive.sana.sy\/es\/index.php?rest_route=\/wp\/v2\/posts\/339801\/revisions\/339803"}],"wp:featuredmedia":[{"embeddable":true,"href":"https:\/\/archive.sana.sy\/es\/index.php?rest_route=\/wp\/v2\/media\/339802"}],"wp:attachment":[{"href":"https:\/\/archive.sana.sy\/es\/index.php?rest_route=%2Fwp%2Fv2%2Fmedia&parent=339801"}],"wp:term":[{"taxonomy":"category","embeddable":true,"href":"https:\/\/archive.sana.sy\/es\/index.php?rest_route=%2Fwp%2Fv2%2Fcategories&post=339801"},{"taxonomy":"post_tag","embeddable":true,"href":"https:\/\/archive.sana.sy\/es\/index.php?rest_route=%2Fwp%2Fv2%2Ftags&post=339801"}],"curies":[{"name":"wp","href":"https:\/\/api.w.org\/{rel}","templated":true}]}}