{"id":339848,"date":"2024-10-07T15:04:47","date_gmt":"2024-10-07T12:04:47","guid":{"rendered":"https:\/\/sana.sy\/es\/?p=339848"},"modified":"2024-10-07T15:38:36","modified_gmt":"2024-10-07T12:38:36","slug":"damasco-y-bagdad-coordinan-esfuerzos-para-entrega-de-ayuda-humanitaria-a-libaneses-en-siria","status":"publish","type":"post","link":"https:\/\/archive.sana.sy\/es\/?p=339848","title":{"rendered":"Damasco y Bagdad coordinan esfuerzos para entrega de ayuda humanitaria a libaneses en Siria"},"content":{"rendered":"<p style=\"text-align: justify;\"><span style=\"color: #800000;\"><strong>Damasco, 7 oct (SANA)<\/strong> <\/span>El primer ministro sirio Muhammad Ghazi Al-Jalali, repas\u00f3 hoy con el encargado de negocios de la embajada iraqu\u00ed en Damasco, Yassin Sharif Al-Hujaimi, los mecanismos de coordinaci\u00f3n entre los dos pa\u00edses para asegurar los suministros b\u00e1sicos, alimentos y necesidades m\u00e9dicas para los desplazados que llegan desde el L\u00edbano a Siria.<\/p>\n<p style=\"text-align: justify;\">Las dos partes abordaron las v\u00edas para garantizar el flujo y entrega de ayuda a los desplazados, y subrayaron la importancia de que los actores comunitarios contribuyan eficazmente en el proceso de asistencia a los llegados desde el L\u00edbano.<\/p>\n<p style=\"text-align: justify;\">Al-Jalali expres\u00f3 el inter\u00e9s del gobierno sirio en brindar servicios y facilidades a los libaneses, satisfacer sus necesidades y ofrecerles servicios log\u00edsticos y de salud.<\/p>\n<p style=\"text-align: justify;\">El jefe del Ejecutivo explic\u00f3 que Siria, a pesar de todas las dif\u00edciles condiciones econ\u00f3micas que atraviesa a consecuencia del terrorismo y del injusto asedio, seguir\u00e1 siendo como lo ha sido siempre, hogar y refugio para todos los \u00e1rabes, y no escatimar\u00e1 esfuerzos para proporcionar lo necesario a los hermanos libaneses que llegan a sus tierras.<\/p>\n<p style=\"text-align: justify;\">Por su parte, el Encargado de Negocios iraqu\u00ed subray\u00f3 la importancia de la cooperaci\u00f3n entre los gobiernos de los dos pa\u00edses para movilizar el potencial en aras de proporcionar ayuda a los libaneses.<\/p>\n<p style=\"text-align: justify;\">Revel\u00f3 la llegada de un lote de ayuda m\u00e9dica y alimentaria procedente de Iraq, y elogi\u00f3 al mismo tiempo la cooperaci\u00f3n mostrada por las distintas partes interesadas en Siria en esta cuesti\u00f3n.<\/p>\n<p style=\"text-align: justify;\">Las dos partes destacaron la importancia de las relaciones fraternales e hist\u00f3ricas que unen a los dos pa\u00edses y pueblos hermanos, y la necesidad de fortalecerlas en los campos de la econom\u00eda, el comercio, la energ\u00eda, la educaci\u00f3n superior, la investigaci\u00f3n cient\u00edfica, la salud y el intercambio de bienes y la necesidad de eliminar los obst\u00e1culos que obstaculizan el desarrollo de las relaciones econ\u00f3micas entre ambos pa\u00edses.<\/p>\n<p style=\"text-align: justify;\">fm\/ed<\/p>\n","protected":false},"excerpt":{"rendered":"<p>Damasco, 7 oct (SANA) El primer ministro sirio Muhammad Ghazi Al-Jalali, repas\u00f3 hoy con el encargado de negocios de la embajada iraqu\u00ed en Damasco, Yassin Sharif Al-Hujaimi, los mecanismos de coordinaci\u00f3n entre los dos pa\u00edses para asegurar los suministros b\u00e1sicos, alimentos y necesidades m\u00e9dicas para los desplazados que llegan desde el L\u00edbano a Siria. Las &hellip;<\/p>\n","protected":false},"author":32,"featured_media":339849,"comment_status":"closed","ping_status":"closed","sticky":false,"template":"","format":"standard","meta":{"footnotes":""},"categories":[597,20724,467,583],"tags":[],"class_list":["post-339848","post","type-post","status-publish","format-standard","has-post-thumbnail","","category-cinta-de-noticias","category-minuto-a-minuto","category-siria-y-el-mundo","category-slide"],"_links":{"self":[{"href":"https:\/\/archive.sana.sy\/es\/index.php?rest_route=\/wp\/v2\/posts\/339848"}],"collection":[{"href":"https:\/\/archive.sana.sy\/es\/index.php?rest_route=\/wp\/v2\/posts"}],"about":[{"href":"https:\/\/archive.sana.sy\/es\/index.php?rest_route=\/wp\/v2\/types\/post"}],"author":[{"embeddable":true,"href":"https:\/\/archive.sana.sy\/es\/index.php?rest_route=\/wp\/v2\/users\/32"}],"replies":[{"embeddable":true,"href":"https:\/\/archive.sana.sy\/es\/index.php?rest_route=%2Fwp%2Fv2%2Fcomments&post=339848"}],"version-history":[{"count":1,"href":"https:\/\/archive.sana.sy\/es\/index.php?rest_route=\/wp\/v2\/posts\/339848\/revisions"}],"predecessor-version":[{"id":339850,"href":"https:\/\/archive.sana.sy\/es\/index.php?rest_route=\/wp\/v2\/posts\/339848\/revisions\/339850"}],"wp:featuredmedia":[{"embeddable":true,"href":"https:\/\/archive.sana.sy\/es\/index.php?rest_route=\/wp\/v2\/media\/339849"}],"wp:attachment":[{"href":"https:\/\/archive.sana.sy\/es\/index.php?rest_route=%2Fwp%2Fv2%2Fmedia&parent=339848"}],"wp:term":[{"taxonomy":"category","embeddable":true,"href":"https:\/\/archive.sana.sy\/es\/index.php?rest_route=%2Fwp%2Fv2%2Fcategories&post=339848"},{"taxonomy":"post_tag","embeddable":true,"href":"https:\/\/archive.sana.sy\/es\/index.php?rest_route=%2Fwp%2Fv2%2Ftags&post=339848"}],"curies":[{"name":"wp","href":"https:\/\/api.w.org\/{rel}","templated":true}]}}