{"id":339855,"date":"2024-10-07T16:08:29","date_gmt":"2024-10-07T13:08:29","guid":{"rendered":"https:\/\/sana.sy\/es\/?p=339855"},"modified":"2024-10-07T16:10:05","modified_gmt":"2024-10-07T13:10:05","slug":"mas-de-2-mil-libaneses-y-casi-10-mil-resultaron-heridos-por-las-agresiones-israelies","status":"publish","type":"post","link":"https:\/\/archive.sana.sy\/es\/?p=339855","title":{"rendered":"M\u00e1s de 2 mil libaneses murieron y casi 10 mil resultaron heridos por las agresiones israel\u00edes"},"content":{"rendered":"<p style=\"text-align: justify;\"><span style=\"color: #800000;\"><strong>Beirut, 07 oct (SANA)\u00a0<\/strong> <\/span>El Ministerio de Salud del L\u00edbano revel\u00f3 hoy que 2 mil 83 libaneses murieron y otros 9 mil 869 resultaron heridos, desde el inicio de la agresi\u00f3n israel\u00ed contra la naci\u00f3n de los cedros, el d\u00eda 8 de octubre de 2023.<\/p>\n<p style=\"text-align: justify;\"><img loading=\"lazy\" decoding=\"async\" class=\"size-medium wp-image-339857 alignright\" src=\"http:\/\/sana.sy\/es\/wp-content\/uploads\/2024\/10\/Mas-de-2-mil-libaneses-y-casi-10-mil-resultaron-heridos-por-las-agresiones-israelies1-1-300x200.jpeg\" alt=\"\" width=\"300\" height=\"200\" srcset=\"https:\/\/archive.sana.sy\/es\/wp-content\/uploads\/2024\/10\/Mas-de-2-mil-libaneses-y-casi-10-mil-resultaron-heridos-por-las-agresiones-israelies1-1-300x200.jpeg 300w, https:\/\/archive.sana.sy\/es\/wp-content\/uploads\/2024\/10\/Mas-de-2-mil-libaneses-y-casi-10-mil-resultaron-heridos-por-las-agresiones-israelies1-1-150x100.jpeg 150w, https:\/\/archive.sana.sy\/es\/wp-content\/uploads\/2024\/10\/Mas-de-2-mil-libaneses-y-casi-10-mil-resultaron-heridos-por-las-agresiones-israelies1-1.jpeg 600w\" sizes=\"(max-width: 300px) 100vw, 300px\" \/><\/p>\n<p style=\"text-align: justify;\">DE acuerdo con el ente de salud, durante las \u00faltimas 24 horas, hubo 22 muertos y 111 heridos a consecuencia de las agresiones israel\u00edes contra las ciudades y pueblos del sur del L\u00edbano, Nabatieh, la Bec\u00e1, Baalbek-Hermel y el Monte L\u00edbano.<\/p>\n<p style=\"text-align: justify;\">Las incursiones israel\u00edes en la gobernaci\u00f3n del Monte L\u00edbano dejaron 15 muertos y 46 heridos, mientras en la gobernaci\u00f3n del Sur de L\u00edbano hubo 3 m\u00e1rtires y 19 heridos, indic\u00f3 el Ministerio.<\/p>\n<p style=\"text-align: justify;\">En la Bec\u00e1, se confirmaron 12 heridos por los ataques israel\u00edes, mientras se reportaron 8 lesionados en Baalbek-Hermel.<\/p>\n<p style=\"text-align: justify;\">Asimismo, el Ministerio de Salud confirm\u00f3 la muerte de 10 bomberos en una incursi\u00f3n a\u00e9rea israel\u00ed contra el edificio de la Uni\u00f3n Municipal de Bint Jbeil en la localidad de Baraashit.<\/p>\n<p style=\"text-align: justify;\">fm\/sm<\/p>\n","protected":false},"excerpt":{"rendered":"<p>Beirut, 07 oct (SANA)\u00a0 El Ministerio de Salud del L\u00edbano revel\u00f3 hoy que 2 mil 83 libaneses murieron y otros 9 mil 869 resultaron heridos, desde el inicio de la agresi\u00f3n israel\u00ed contra la naci\u00f3n de los cedros, el d\u00eda 8 de octubre de 2023. DE acuerdo con el ente de salud, durante las \u00faltimas &hellip;<\/p>\n","protected":false},"author":39,"featured_media":339858,"comment_status":"closed","ping_status":"closed","sticky":false,"template":"","format":"standard","meta":{"footnotes":""},"categories":[597,456,16687,20724,583],"tags":[],"class_list":["post-339855","post","type-post","status-publish","format-standard","has-post-thumbnail","","category-cinta-de-noticias","category-arabe-internacional-politica","category-internacionales","category-minuto-a-minuto","category-slide"],"_links":{"self":[{"href":"https:\/\/archive.sana.sy\/es\/index.php?rest_route=\/wp\/v2\/posts\/339855"}],"collection":[{"href":"https:\/\/archive.sana.sy\/es\/index.php?rest_route=\/wp\/v2\/posts"}],"about":[{"href":"https:\/\/archive.sana.sy\/es\/index.php?rest_route=\/wp\/v2\/types\/post"}],"author":[{"embeddable":true,"href":"https:\/\/archive.sana.sy\/es\/index.php?rest_route=\/wp\/v2\/users\/39"}],"replies":[{"embeddable":true,"href":"https:\/\/archive.sana.sy\/es\/index.php?rest_route=%2Fwp%2Fv2%2Fcomments&post=339855"}],"version-history":[{"count":3,"href":"https:\/\/archive.sana.sy\/es\/index.php?rest_route=\/wp\/v2\/posts\/339855\/revisions"}],"predecessor-version":[{"id":339861,"href":"https:\/\/archive.sana.sy\/es\/index.php?rest_route=\/wp\/v2\/posts\/339855\/revisions\/339861"}],"wp:featuredmedia":[{"embeddable":true,"href":"https:\/\/archive.sana.sy\/es\/index.php?rest_route=\/wp\/v2\/media\/339858"}],"wp:attachment":[{"href":"https:\/\/archive.sana.sy\/es\/index.php?rest_route=%2Fwp%2Fv2%2Fmedia&parent=339855"}],"wp:term":[{"taxonomy":"category","embeddable":true,"href":"https:\/\/archive.sana.sy\/es\/index.php?rest_route=%2Fwp%2Fv2%2Fcategories&post=339855"},{"taxonomy":"post_tag","embeddable":true,"href":"https:\/\/archive.sana.sy\/es\/index.php?rest_route=%2Fwp%2Fv2%2Ftags&post=339855"}],"curies":[{"name":"wp","href":"https:\/\/api.w.org\/{rel}","templated":true}]}}