{"id":339862,"date":"2024-10-07T16:27:54","date_gmt":"2024-10-07T13:27:54","guid":{"rendered":"https:\/\/sana.sy\/es\/?p=339862"},"modified":"2024-10-07T16:27:54","modified_gmt":"2024-10-07T13:27:54","slug":"resistencia-iraqui-bombardea-sitio-vital-del-ocupante-israeli-en-palestina-ocupada","status":"publish","type":"post","link":"https:\/\/archive.sana.sy\/es\/?p=339862","title":{"rendered":"Resistencia iraqu\u00ed bombardea sitio vital del ocupante israel\u00ed en Palestina ocupada"},"content":{"rendered":"<p style=\"text-align: justify;\"><span style=\"color: #800000;\"><strong>Bagdad, 07 oct (SANA)<\/strong><\/span>\u00a0 La resistencia iraqu\u00ed anunci\u00f3 hoy que hab\u00eda atacado con drones un sitio vital del ocupante israel\u00ed en la Palestina ocupada.<\/p>\n<p style=\"text-align: justify;\">\u201cComo continuaci\u00f3n de nuestro enfoque de resistencia al ocupante sionista, en apoyo de a los pueblos palestino y liban\u00e9s, y en respuesta a las masacres cometidas por la entidad usurpadora contra civiles, incluidos ni\u00f1os, mujeres y ancianos, nuestros combatientes atacaron con drones, hoy al amanecer, un objetivo militar en los territorios ocupados\u201d, declar\u00f3 la resistencia en un comunicado.<\/p>\n<p style=\"text-align: justify;\">Asimismo, la resistencia iraqu\u00ed confirm\u00f3 la continuaci\u00f3n de sus operaciones para destruir a un ritmo cada vez mayor los bastiones enemigos.<\/p>\n<p style=\"text-align: justify;\">En v\u00edsperas, los resistentes iraqu\u00edes bombardearon con misiles dos posiciones militares israel\u00edes al norte y al sur de los territorios ocupados.<\/p>\n<p>sm<\/p>\n","protected":false},"excerpt":{"rendered":"<p>Bagdad, 07 oct (SANA)\u00a0 La resistencia iraqu\u00ed anunci\u00f3 hoy que hab\u00eda atacado con drones un sitio vital del ocupante israel\u00ed en la Palestina ocupada. \u201cComo continuaci\u00f3n de nuestro enfoque de resistencia al ocupante sionista, en apoyo de a los pueblos palestino y liban\u00e9s, y en respuesta a las masacres cometidas por la entidad usurpadora contra &hellip;<\/p>\n","protected":false},"author":39,"featured_media":339863,"comment_status":"closed","ping_status":"closed","sticky":false,"template":"","format":"standard","meta":{"footnotes":""},"categories":[597,456,16687,20724,7541],"tags":[],"class_list":["post-339862","post","type-post","status-publish","format-standard","has-post-thumbnail","","category-cinta-de-noticias","category-arabe-internacional-politica","category-internacionales","category-minuto-a-minuto","category-ultimas-noticias"],"_links":{"self":[{"href":"https:\/\/archive.sana.sy\/es\/index.php?rest_route=\/wp\/v2\/posts\/339862"}],"collection":[{"href":"https:\/\/archive.sana.sy\/es\/index.php?rest_route=\/wp\/v2\/posts"}],"about":[{"href":"https:\/\/archive.sana.sy\/es\/index.php?rest_route=\/wp\/v2\/types\/post"}],"author":[{"embeddable":true,"href":"https:\/\/archive.sana.sy\/es\/index.php?rest_route=\/wp\/v2\/users\/39"}],"replies":[{"embeddable":true,"href":"https:\/\/archive.sana.sy\/es\/index.php?rest_route=%2Fwp%2Fv2%2Fcomments&post=339862"}],"version-history":[{"count":1,"href":"https:\/\/archive.sana.sy\/es\/index.php?rest_route=\/wp\/v2\/posts\/339862\/revisions"}],"predecessor-version":[{"id":339864,"href":"https:\/\/archive.sana.sy\/es\/index.php?rest_route=\/wp\/v2\/posts\/339862\/revisions\/339864"}],"wp:featuredmedia":[{"embeddable":true,"href":"https:\/\/archive.sana.sy\/es\/index.php?rest_route=\/wp\/v2\/media\/339863"}],"wp:attachment":[{"href":"https:\/\/archive.sana.sy\/es\/index.php?rest_route=%2Fwp%2Fv2%2Fmedia&parent=339862"}],"wp:term":[{"taxonomy":"category","embeddable":true,"href":"https:\/\/archive.sana.sy\/es\/index.php?rest_route=%2Fwp%2Fv2%2Fcategories&post=339862"},{"taxonomy":"post_tag","embeddable":true,"href":"https:\/\/archive.sana.sy\/es\/index.php?rest_route=%2Fwp%2Fv2%2Ftags&post=339862"}],"curies":[{"name":"wp","href":"https:\/\/api.w.org\/{rel}","templated":true}]}}