{"id":339865,"date":"2024-10-07T16:55:34","date_gmt":"2024-10-07T13:55:34","guid":{"rendered":"https:\/\/sana.sy\/es\/?p=339865"},"modified":"2024-10-07T16:55:54","modified_gmt":"2024-10-07T13:55:54","slug":"rusia-anuncia-la-liberacion-de-otra-localidad-y-confirma-21-000-bajas-de-kiev-en-kursk","status":"publish","type":"post","link":"https:\/\/archive.sana.sy\/es\/?p=339865","title":{"rendered":"Rusia anuncia la liberaci\u00f3n de otra localidad y confirma 21.000 bajas de Kiev en Kursk"},"content":{"rendered":"<p style=\"text-align: justify;\"><span style=\"color: #800000;\"><strong>Mosc\u00fa, 07 oct (SANA)<\/strong><\/span> Las tropas rusas liberaron hoy la localidad de Gr\u00f3dovka, en la Rep\u00fablica Popular de Donetsk, anunci\u00f3 el Ministerio de Defensa de Rusia en su informe diario sobre la operaci\u00f3n militar especial para este 7 de octubre.<\/p>\n<p style=\"text-align: justify;\"><img loading=\"lazy\" decoding=\"async\" class=\"size-medium wp-image-339867 alignright\" src=\"http:\/\/sana.sy\/es\/wp-content\/uploads\/2024\/10\/Rusia-anuncia-la-liberacion-de-otra-localidad-y-confirma-21.000-bajas-de-Kiev-en-Kursk1-300x169.jpeg\" alt=\"\" width=\"300\" height=\"169\" srcset=\"https:\/\/archive.sana.sy\/es\/wp-content\/uploads\/2024\/10\/Rusia-anuncia-la-liberacion-de-otra-localidad-y-confirma-21.000-bajas-de-Kiev-en-Kursk1-300x169.jpeg 300w, https:\/\/archive.sana.sy\/es\/wp-content\/uploads\/2024\/10\/Rusia-anuncia-la-liberacion-de-otra-localidad-y-confirma-21.000-bajas-de-Kiev-en-Kursk1-1024x575.jpeg 1024w, https:\/\/archive.sana.sy\/es\/wp-content\/uploads\/2024\/10\/Rusia-anuncia-la-liberacion-de-otra-localidad-y-confirma-21.000-bajas-de-Kiev-en-Kursk1-150x84.jpeg 150w, https:\/\/archive.sana.sy\/es\/wp-content\/uploads\/2024\/10\/Rusia-anuncia-la-liberacion-de-otra-localidad-y-confirma-21.000-bajas-de-Kiev-en-Kursk1-768x431.jpeg 768w, https:\/\/archive.sana.sy\/es\/wp-content\/uploads\/2024\/10\/Rusia-anuncia-la-liberacion-de-otra-localidad-y-confirma-21.000-bajas-de-Kiev-en-Kursk1.jpeg 1280w\" sizes=\"(max-width: 300px) 100vw, 300px\" \/><\/p>\n<p style=\"text-align: justify;\">De acuerdo con la cartera castrense, en las zonas de operaciones de los grupos Norte, Oeste y Sur en la regi\u00f3n de J\u00e1rkov, y las rep\u00fablicas de Donetsk y Lugansk, las bajas del Ej\u00e9rcito ucraniano ascendieron hasta a 1.100 militares, un sistema de artiller\u00eda autopropulsada Akatsiya, 22 obuses, un veh\u00edculo blindado de transporte de tropas M113, un veh\u00edculo blindado de combate MaxxPro, una estaci\u00f3n de guerra electr\u00f3nica Anklav-N y 2 dep\u00f3sitos de municiones.<\/p>\n<p style=\"text-align: justify;\">En los sectores de responsabilidad de los grupos Dnepr y Este, las p\u00e9rdidas de tropas ucranianas fueron de hasta 200 efectivos, un veh\u00edculo blindado de combate Humvee, 7 obuses y un dep\u00f3sito de municiones.<\/p>\n<p style=\"text-align: justify;\">Los sistemas rusos de defensa antia\u00e9rea derribaron 3 misiles ATACMS, 5 proyectiles de HIMARS, as\u00ed como 74 drones.<\/p>\n<p style=\"text-align: justify;\">En la regi\u00f3n rusa de Kursk, las tropas de Rusia repelieron 2 contraataques de Kiev cerca de los asentamientos de Kremennoye y Pli\u00f3jovo, as\u00ed como frustraron intentos de ataque en las zonas de las localidades de Liub\u00edmovka y R\u00fasskoye Por\u00e9chnoye.<\/p>\n<p style=\"text-align: justify;\">En las \u00faltimas 24 horas, Kiev perdi\u00f3 a m\u00e1s de 150 soldados, 3 veh\u00edculos blindados de combate, 2 ca\u00f1ones de artiller\u00eda, 4 morteros y 2 autom\u00f3viles.<\/p>\n<p style=\"text-align: justify;\">Desde el inicio de los combates en el Frente de Kursk, las bajas del Ej\u00e9rcito ucraniano ascendi\u00f3 a m\u00e1s de 21.000 efectivos y 136 tanques.<\/p>\n<p style=\"text-align: justify;\">fm\/sm<\/p>\n","protected":false},"excerpt":{"rendered":"<p>Mosc\u00fa, 07 oct (SANA) Las tropas rusas liberaron hoy la localidad de Gr\u00f3dovka, en la Rep\u00fablica Popular de Donetsk, anunci\u00f3 el Ministerio de Defensa de Rusia en su informe diario sobre la operaci\u00f3n militar especial para este 7 de octubre. De acuerdo con la cartera castrense, en las zonas de operaciones de los grupos Norte, &hellip;<\/p>\n","protected":false},"author":39,"featured_media":339866,"comment_status":"closed","ping_status":"closed","sticky":false,"template":"","format":"standard","meta":{"footnotes":""},"categories":[597,456,16687,20724,7541],"tags":[],"class_list":["post-339865","post","type-post","status-publish","format-standard","has-post-thumbnail","","category-cinta-de-noticias","category-arabe-internacional-politica","category-internacionales","category-minuto-a-minuto","category-ultimas-noticias"],"_links":{"self":[{"href":"https:\/\/archive.sana.sy\/es\/index.php?rest_route=\/wp\/v2\/posts\/339865"}],"collection":[{"href":"https:\/\/archive.sana.sy\/es\/index.php?rest_route=\/wp\/v2\/posts"}],"about":[{"href":"https:\/\/archive.sana.sy\/es\/index.php?rest_route=\/wp\/v2\/types\/post"}],"author":[{"embeddable":true,"href":"https:\/\/archive.sana.sy\/es\/index.php?rest_route=\/wp\/v2\/users\/39"}],"replies":[{"embeddable":true,"href":"https:\/\/archive.sana.sy\/es\/index.php?rest_route=%2Fwp%2Fv2%2Fcomments&post=339865"}],"version-history":[{"count":1,"href":"https:\/\/archive.sana.sy\/es\/index.php?rest_route=\/wp\/v2\/posts\/339865\/revisions"}],"predecessor-version":[{"id":339868,"href":"https:\/\/archive.sana.sy\/es\/index.php?rest_route=\/wp\/v2\/posts\/339865\/revisions\/339868"}],"wp:featuredmedia":[{"embeddable":true,"href":"https:\/\/archive.sana.sy\/es\/index.php?rest_route=\/wp\/v2\/media\/339866"}],"wp:attachment":[{"href":"https:\/\/archive.sana.sy\/es\/index.php?rest_route=%2Fwp%2Fv2%2Fmedia&parent=339865"}],"wp:term":[{"taxonomy":"category","embeddable":true,"href":"https:\/\/archive.sana.sy\/es\/index.php?rest_route=%2Fwp%2Fv2%2Fcategories&post=339865"},{"taxonomy":"post_tag","embeddable":true,"href":"https:\/\/archive.sana.sy\/es\/index.php?rest_route=%2Fwp%2Fv2%2Ftags&post=339865"}],"curies":[{"name":"wp","href":"https:\/\/api.w.org\/{rel}","templated":true}]}}