{"id":339869,"date":"2024-10-07T17:10:22","date_gmt":"2024-10-07T14:10:22","guid":{"rendered":"https:\/\/sana.sy\/es\/?p=339869"},"modified":"2024-10-07T17:10:22","modified_gmt":"2024-10-07T14:10:22","slug":"israel-cometio-en-gaza-el-crimen-mas-extenso-y-atroz-de-la-historia-contra-los-periodistas","status":"publish","type":"post","link":"https:\/\/archive.sana.sy\/es\/?p=339869","title":{"rendered":"&#8220;Israel&#8221; cometi\u00f3 en Gaza el crimen m\u00e1s extenso y atroz de la historia contra los periodistas"},"content":{"rendered":"<p style=\"text-align: justify;\"><span style=\"color: #800000;\"><strong>Jerusal\u00e9n ocupada, 07 oct (SANA)<\/strong><\/span> El Sindicato de Periodistas Palestinos denunci\u00f3 hoy que los periodistas y medios de comunicaci\u00f3n palestinos sufrieron mil 600 ataques en los \u00faltimos 12 meses.<\/p>\n<p style=\"text-align: justify;\">Conden\u00f3 en un comunicado el asesinato de 167 comunicadores y 514 familiares desde el 7 de octubre de 2023.<\/p>\n<p style=\"text-align: justify;\">Israel cometi\u00f3 \u201cel crimen m\u00e1s extenso y atroz de la historia contra los periodistas\u201d, alert\u00f3.<\/p>\n<p style=\"text-align: justify;\">El gremio document\u00f3 124 casos de arresto de trabajadores del sector y alert\u00f3 que dos de ellos contin\u00faan desaparecidos.<\/p>\n<p style=\"text-align: justify;\">fm\/sm<\/p>\n","protected":false},"excerpt":{"rendered":"<p>Jerusal\u00e9n ocupada, 07 oct (SANA) El Sindicato de Periodistas Palestinos denunci\u00f3 hoy que los periodistas y medios de comunicaci\u00f3n palestinos sufrieron mil 600 ataques en los \u00faltimos 12 meses. Conden\u00f3 en un comunicado el asesinato de 167 comunicadores y 514 familiares desde el 7 de octubre de 2023. Israel cometi\u00f3 \u201cel crimen m\u00e1s extenso y &hellip;<\/p>\n","protected":false},"author":39,"featured_media":339870,"comment_status":"closed","ping_status":"closed","sticky":false,"template":"","format":"standard","meta":{"footnotes":""},"categories":[597,456,16687,20724,583],"tags":[],"class_list":["post-339869","post","type-post","status-publish","format-standard","has-post-thumbnail","","category-cinta-de-noticias","category-arabe-internacional-politica","category-internacionales","category-minuto-a-minuto","category-slide"],"_links":{"self":[{"href":"https:\/\/archive.sana.sy\/es\/index.php?rest_route=\/wp\/v2\/posts\/339869"}],"collection":[{"href":"https:\/\/archive.sana.sy\/es\/index.php?rest_route=\/wp\/v2\/posts"}],"about":[{"href":"https:\/\/archive.sana.sy\/es\/index.php?rest_route=\/wp\/v2\/types\/post"}],"author":[{"embeddable":true,"href":"https:\/\/archive.sana.sy\/es\/index.php?rest_route=\/wp\/v2\/users\/39"}],"replies":[{"embeddable":true,"href":"https:\/\/archive.sana.sy\/es\/index.php?rest_route=%2Fwp%2Fv2%2Fcomments&post=339869"}],"version-history":[{"count":1,"href":"https:\/\/archive.sana.sy\/es\/index.php?rest_route=\/wp\/v2\/posts\/339869\/revisions"}],"predecessor-version":[{"id":339871,"href":"https:\/\/archive.sana.sy\/es\/index.php?rest_route=\/wp\/v2\/posts\/339869\/revisions\/339871"}],"wp:featuredmedia":[{"embeddable":true,"href":"https:\/\/archive.sana.sy\/es\/index.php?rest_route=\/wp\/v2\/media\/339870"}],"wp:attachment":[{"href":"https:\/\/archive.sana.sy\/es\/index.php?rest_route=%2Fwp%2Fv2%2Fmedia&parent=339869"}],"wp:term":[{"taxonomy":"category","embeddable":true,"href":"https:\/\/archive.sana.sy\/es\/index.php?rest_route=%2Fwp%2Fv2%2Fcategories&post=339869"},{"taxonomy":"post_tag","embeddable":true,"href":"https:\/\/archive.sana.sy\/es\/index.php?rest_route=%2Fwp%2Fv2%2Ftags&post=339869"}],"curies":[{"name":"wp","href":"https:\/\/api.w.org\/{rel}","templated":true}]}}