{"id":339872,"date":"2024-10-07T17:13:15","date_gmt":"2024-10-07T14:13:15","guid":{"rendered":"https:\/\/sana.sy\/es\/?p=339872"},"modified":"2024-10-07T17:13:15","modified_gmt":"2024-10-07T14:13:15","slug":"825-mezquitas-palestinas-fueron-destruidas-por-israel-en-un-ano","status":"publish","type":"post","link":"https:\/\/archive.sana.sy\/es\/?p=339872","title":{"rendered":"825 mezquitas palestinas fueron destruidas por &#8220;Israel&#8221; en un a\u00f1o"},"content":{"rendered":"<p style=\"text-align: justify;\"><span style=\"color: #800000;\"><strong>Jerusal\u00e9n ocupada, 07 oct (SANA)\u00a0<\/strong> <\/span>El ej\u00e9rcito israel\u00ed destruy\u00f3 en el \u00faltimo a\u00f1o 825 mezquitas en los territorios palestinos, as\u00ed como ocho cementerios, confirm\u00f3 el Ministerio palestino de Dotaciones y Asuntos Religiosos en un reporte especial sobre las consecuencias de la guerra israel\u00ed iniciada el 7 de octubre de 2023.<\/p>\n<p style=\"text-align: justify;\">Seg\u00fan el Ministerio, Israel destruy\u00f3 de forma total 611 mezquitas y da\u00f1\u00f3 otras 214, la mayor\u00eda de ellas en la Franja de Gaza.<\/p>\n<p style=\"text-align: justify;\">El Ministerio de Salud palestino inform\u00f3 que durante las \u00faltimas 24 horas, el ocupante\u00a0 israel\u00ed cometi\u00f3 cuatro\u00a0 masacres en la Franja de Gaza, dejando 39 muertos y 137 heridos.<\/p>\n<p style=\"text-align: justify;\">Agreg\u00f3 que el n\u00famero total de v\u00edctimas durante 367 d\u00edas de agresi\u00f3n aument\u00f3 a 41.909 muertos y 97.303 heridos.<\/p>\n<div id='gallery-1' class='gallery galleryid-339872 gallery-columns-1 gallery-size-full'><figure class='gallery-item'>\n\t\t\t<div class='gallery-icon landscape'>\n\t\t\t\t<a href='https:\/\/archive.sana.sy\/es\/?attachment_id=339874'><img loading=\"lazy\" decoding=\"async\" width=\"1200\" height=\"675\" src=\"https:\/\/archive.sana.sy\/es\/wp-content\/uploads\/2024\/10\/825-mezquitas-palestinas-fueron-destruidas-por-Israel-en-un-ano00.jpeg\" class=\"attachment-full size-full\" alt=\"\" srcset=\"https:\/\/archive.sana.sy\/es\/wp-content\/uploads\/2024\/10\/825-mezquitas-palestinas-fueron-destruidas-por-Israel-en-un-ano00.jpeg 1200w, https:\/\/archive.sana.sy\/es\/wp-content\/uploads\/2024\/10\/825-mezquitas-palestinas-fueron-destruidas-por-Israel-en-un-ano00-300x169.jpeg 300w, https:\/\/archive.sana.sy\/es\/wp-content\/uploads\/2024\/10\/825-mezquitas-palestinas-fueron-destruidas-por-Israel-en-un-ano00-1024x576.jpeg 1024w, https:\/\/archive.sana.sy\/es\/wp-content\/uploads\/2024\/10\/825-mezquitas-palestinas-fueron-destruidas-por-Israel-en-un-ano00-150x84.jpeg 150w, https:\/\/archive.sana.sy\/es\/wp-content\/uploads\/2024\/10\/825-mezquitas-palestinas-fueron-destruidas-por-Israel-en-un-ano00-768x432.jpeg 768w\" sizes=\"(max-width: 1200px) 100vw, 1200px\" \/><\/a>\n\t\t\t<\/div><\/figure><figure class='gallery-item'>\n\t\t\t<div class='gallery-icon landscape'>\n\t\t\t\t<a href='https:\/\/archive.sana.sy\/es\/?attachment_id=339875'><img loading=\"lazy\" decoding=\"async\" width=\"1280\" height=\"853\" src=\"https:\/\/archive.sana.sy\/es\/wp-content\/uploads\/2024\/10\/825-mezquitas-palestinas-fueron-destruidas-por-Israel-en-un-ano0.jpeg\" class=\"attachment-full size-full\" alt=\"\" srcset=\"https:\/\/archive.sana.sy\/es\/wp-content\/uploads\/2024\/10\/825-mezquitas-palestinas-fueron-destruidas-por-Israel-en-un-ano0.jpeg 1280w, https:\/\/archive.sana.sy\/es\/wp-content\/uploads\/2024\/10\/825-mezquitas-palestinas-fueron-destruidas-por-Israel-en-un-ano0-300x200.jpeg 300w, https:\/\/archive.sana.sy\/es\/wp-content\/uploads\/2024\/10\/825-mezquitas-palestinas-fueron-destruidas-por-Israel-en-un-ano0-1024x682.jpeg 1024w, https:\/\/archive.sana.sy\/es\/wp-content\/uploads\/2024\/10\/825-mezquitas-palestinas-fueron-destruidas-por-Israel-en-un-ano0-150x100.jpeg 150w, https:\/\/archive.sana.sy\/es\/wp-content\/uploads\/2024\/10\/825-mezquitas-palestinas-fueron-destruidas-por-Israel-en-un-ano0-768x512.jpeg 768w\" sizes=\"(max-width: 1280px) 100vw, 1280px\" \/><\/a>\n\t\t\t<\/div><\/figure>\n\t\t<\/div>\n\n<p style=\"text-align: justify;\">fm\/sm<\/p>\n","protected":false},"excerpt":{"rendered":"<p>Jerusal\u00e9n ocupada, 07 oct (SANA)\u00a0 El ej\u00e9rcito israel\u00ed destruy\u00f3 en el \u00faltimo a\u00f1o 825 mezquitas en los territorios palestinos, as\u00ed como ocho cementerios, confirm\u00f3 el Ministerio palestino de Dotaciones y Asuntos Religiosos en un reporte especial sobre las consecuencias de la guerra israel\u00ed iniciada el 7 de octubre de 2023. Seg\u00fan el Ministerio, Israel destruy\u00f3 &hellip;<\/p>\n","protected":false},"author":39,"featured_media":339873,"comment_status":"closed","ping_status":"closed","sticky":false,"template":"","format":"standard","meta":{"footnotes":""},"categories":[597,456,16687,20724,7541],"tags":[],"class_list":["post-339872","post","type-post","status-publish","format-standard","has-post-thumbnail","","category-cinta-de-noticias","category-arabe-internacional-politica","category-internacionales","category-minuto-a-minuto","category-ultimas-noticias"],"_links":{"self":[{"href":"https:\/\/archive.sana.sy\/es\/index.php?rest_route=\/wp\/v2\/posts\/339872"}],"collection":[{"href":"https:\/\/archive.sana.sy\/es\/index.php?rest_route=\/wp\/v2\/posts"}],"about":[{"href":"https:\/\/archive.sana.sy\/es\/index.php?rest_route=\/wp\/v2\/types\/post"}],"author":[{"embeddable":true,"href":"https:\/\/archive.sana.sy\/es\/index.php?rest_route=\/wp\/v2\/users\/39"}],"replies":[{"embeddable":true,"href":"https:\/\/archive.sana.sy\/es\/index.php?rest_route=%2Fwp%2Fv2%2Fcomments&post=339872"}],"version-history":[{"count":1,"href":"https:\/\/archive.sana.sy\/es\/index.php?rest_route=\/wp\/v2\/posts\/339872\/revisions"}],"predecessor-version":[{"id":339876,"href":"https:\/\/archive.sana.sy\/es\/index.php?rest_route=\/wp\/v2\/posts\/339872\/revisions\/339876"}],"wp:featuredmedia":[{"embeddable":true,"href":"https:\/\/archive.sana.sy\/es\/index.php?rest_route=\/wp\/v2\/media\/339873"}],"wp:attachment":[{"href":"https:\/\/archive.sana.sy\/es\/index.php?rest_route=%2Fwp%2Fv2%2Fmedia&parent=339872"}],"wp:term":[{"taxonomy":"category","embeddable":true,"href":"https:\/\/archive.sana.sy\/es\/index.php?rest_route=%2Fwp%2Fv2%2Fcategories&post=339872"},{"taxonomy":"post_tag","embeddable":true,"href":"https:\/\/archive.sana.sy\/es\/index.php?rest_route=%2Fwp%2Fv2%2Ftags&post=339872"}],"curies":[{"name":"wp","href":"https:\/\/api.w.org\/{rel}","templated":true}]}}