{"id":339880,"date":"2024-10-07T18:16:36","date_gmt":"2024-10-07T15:16:36","guid":{"rendered":"https:\/\/sana.sy\/es\/?p=339880"},"modified":"2024-10-07T18:16:36","modified_gmt":"2024-10-07T15:16:36","slug":"siria-y-la-onu-abordan-vias-para-atender-las-necesidades-de-las-personas-que-llegan-del-libano","status":"publish","type":"post","link":"https:\/\/archive.sana.sy\/es\/?p=339880","title":{"rendered":"Siria y la ONU abordan v\u00edas para atender las necesidades de las personas que llegan del L\u00edbano"},"content":{"rendered":"<p style=\"text-align: justify;\"><span style=\"color: #800000;\"><strong>Damasco, 07 oct (SANA)\u00a0 \u00a0<\/strong><\/span>El ministro sirio de Administraci\u00f3n Local y Medio Ambiente, Louay Kharita, analiz\u00f3 con el Alto Comisionado de las Naciones Unidas para los Refugiados, Filippo Grandi, las formas de atender las necesidades de los desplazados desde el L\u00edbano que se refugian en Siria como consecuencia de la agresi\u00f3n israel\u00ed.<\/p>\n<p style=\"text-align: justify;\">Kharita confirm\u00f3 que el gobierno sirio hab\u00eda tomado, en el marco de la respuesta de emergencia a quienes se refugian en Siria como consecuencia de la agresi\u00f3n sionista, una serie de medidas y decisiones para facilitar la entrada de los desplazados.<\/p>\n<p style=\"text-align: justify;\">Asimismo, el titular sirio elogi\u00f3 los esfuerzos de ACNUR y su contribuci\u00f3n para cubrir parte de las necesidades y permitir su acceso a los refugiados.<\/p>\n<p style=\"text-align: justify;\">Adem\u00e1s, se refiri\u00f3 a los proyectos de cooperaci\u00f3n implementados por la referida entidad de la ONU en Siria, especialmente el mantenimiento peri\u00f3dico y la reparaci\u00f3n de las residencias y restauraci\u00f3n de centros y viviendas da\u00f1ados, y enfatiz\u00f3 la importancia de continuar con estos proyectos, y la necesidad de realizar esfuerzos y apoyo para llegar a la fase de recuperaci\u00f3n y respaldar los medios de vida.<\/p>\n<p style=\"text-align: justify;\">Por su parte, el referido funcionario de la ONU explic\u00f3 que su visita de hoy a Siria pretende enviar mensajes claros al mundo de que la tr\u00e1gica situaci\u00f3n en el L\u00edbano exige una mayor cooperaci\u00f3n de todos para apoyar los esfuerzos de respuesta a los refugiados que se dirigen a Siria.<\/p>\n<p style=\"text-align: justify;\">Indic\u00f3 que la Comisi\u00f3n, en cooperaci\u00f3n con La Media Luna Roja \u00c1rabe Siria proporcion\u00f3 ayuda humanitaria que se distribuy\u00f3 en las gobernaciones de Damasco y su campo, Homs, Tartous, Latakia y algunas localidades del campo de Idlib.<\/p>\n<p style=\"text-align: justify;\">Tambi\u00e9n, el Comisionado para Asuntos de Refugiados afirm\u00f3 la continuaci\u00f3n de la cooperaci\u00f3n con el gobierno sirio con respecto a la respuesta de emergencia para atender a los desplazados desde el L\u00edbano, y agradeci\u00f3 a Siria las medidas que ha tomado para facilitar la entrada de los refugiados en su territorio a pesar de las dif\u00edciles circunstancias que atraviesa.<\/p>\n<p style=\"text-align: justify;\">sm<\/p>\n","protected":false},"excerpt":{"rendered":"<p>Damasco, 07 oct (SANA)\u00a0 \u00a0El ministro sirio de Administraci\u00f3n Local y Medio Ambiente, Louay Kharita, analiz\u00f3 con el Alto Comisionado de las Naciones Unidas para los Refugiados, Filippo Grandi, las formas de atender las necesidades de los desplazados desde el L\u00edbano que se refugian en Siria como consecuencia de la agresi\u00f3n israel\u00ed. Kharita confirm\u00f3 que &hellip;<\/p>\n","protected":false},"author":39,"featured_media":339881,"comment_status":"closed","ping_status":"closed","sticky":false,"template":"","format":"standard","meta":{"footnotes":""},"categories":[477,597,20724,476,467,7541],"tags":[],"class_list":["post-339880","post","type-post","status-publish","format-standard","has-post-thumbnail","","category-noticias-edulcorantes","category-cinta-de-noticias","category-minuto-a-minuto","category-locales","category-siria-y-el-mundo","category-ultimas-noticias"],"_links":{"self":[{"href":"https:\/\/archive.sana.sy\/es\/index.php?rest_route=\/wp\/v2\/posts\/339880"}],"collection":[{"href":"https:\/\/archive.sana.sy\/es\/index.php?rest_route=\/wp\/v2\/posts"}],"about":[{"href":"https:\/\/archive.sana.sy\/es\/index.php?rest_route=\/wp\/v2\/types\/post"}],"author":[{"embeddable":true,"href":"https:\/\/archive.sana.sy\/es\/index.php?rest_route=\/wp\/v2\/users\/39"}],"replies":[{"embeddable":true,"href":"https:\/\/archive.sana.sy\/es\/index.php?rest_route=%2Fwp%2Fv2%2Fcomments&post=339880"}],"version-history":[{"count":1,"href":"https:\/\/archive.sana.sy\/es\/index.php?rest_route=\/wp\/v2\/posts\/339880\/revisions"}],"predecessor-version":[{"id":339882,"href":"https:\/\/archive.sana.sy\/es\/index.php?rest_route=\/wp\/v2\/posts\/339880\/revisions\/339882"}],"wp:featuredmedia":[{"embeddable":true,"href":"https:\/\/archive.sana.sy\/es\/index.php?rest_route=\/wp\/v2\/media\/339881"}],"wp:attachment":[{"href":"https:\/\/archive.sana.sy\/es\/index.php?rest_route=%2Fwp%2Fv2%2Fmedia&parent=339880"}],"wp:term":[{"taxonomy":"category","embeddable":true,"href":"https:\/\/archive.sana.sy\/es\/index.php?rest_route=%2Fwp%2Fv2%2Fcategories&post=339880"},{"taxonomy":"post_tag","embeddable":true,"href":"https:\/\/archive.sana.sy\/es\/index.php?rest_route=%2Fwp%2Fv2%2Ftags&post=339880"}],"curies":[{"name":"wp","href":"https:\/\/api.w.org\/{rel}","templated":true}]}}