{"id":339887,"date":"2024-10-07T19:27:37","date_gmt":"2024-10-07T16:27:37","guid":{"rendered":"https:\/\/sana.sy\/es\/?p=339887"},"modified":"2024-10-07T19:30:52","modified_gmt":"2024-10-07T16:30:52","slug":"papa-francisco-critica-incapacidad-internacional-para-poner-fin-a-la-guerra-en-oriente-medio","status":"publish","type":"post","link":"https:\/\/archive.sana.sy\/es\/?p=339887","title":{"rendered":"Papa Francisco critica incapacidad internacional para poner fin a la guerra en Oriente Medio"},"content":{"rendered":"<p style=\"text-align: justify;\"><span style=\"color: #800000;\"><strong>Roma, 07 oct (SANA)\u00a0 <\/strong><\/span>El Papa Francisco critic\u00f3 la incapacidad de la comunidad internacional para silenciar las armas y poner fin a la guerra en Oriente Medio, calific\u00e1ndola de &#8220;vergonzosa&#8221;.<\/p>\n<p style=\"text-align: justify;\">\u201cHace un a\u00f1o, contin\u00faa la vergonzosa incapacidad de la comunidad internacional y de los pa\u00edses poderosos para silenciar las armas y poner fin a la tragedia de la guerra\u201d, difundi\u00f3 a agencia italiana AKI citando al Papa Francisco.<\/p>\n<p style=\"text-align: justify;\">El Papa consider\u00f3 que las armas no construyen el futuro, sino lo destruyen, y que la violencia nunca trae la paz, y la historia lo demuestra.<\/p>\n<p style=\"text-align: justify;\">\u201cParece que los a\u00f1os de conflictos no nos han ense\u00f1ado nada\u201d, a\u00f1adi\u00f3.<\/p>\n<p style=\"text-align: justify;\">sm<\/p>\n","protected":false},"excerpt":{"rendered":"<p>Roma, 07 oct (SANA)\u00a0 El Papa Francisco critic\u00f3 la incapacidad de la comunidad internacional para silenciar las armas y poner fin a la guerra en Oriente Medio, calific\u00e1ndola de &#8220;vergonzosa&#8221;. \u201cHace un a\u00f1o, contin\u00faa la vergonzosa incapacidad de la comunidad internacional y de los pa\u00edses poderosos para silenciar las armas y poner fin a la &hellip;<\/p>\n","protected":false},"author":39,"featured_media":339888,"comment_status":"closed","ping_status":"closed","sticky":false,"template":"","format":"standard","meta":{"footnotes":""},"categories":[597,456,16687,20724,7541],"tags":[],"class_list":["post-339887","post","type-post","status-publish","format-standard","has-post-thumbnail","","category-cinta-de-noticias","category-arabe-internacional-politica","category-internacionales","category-minuto-a-minuto","category-ultimas-noticias"],"_links":{"self":[{"href":"https:\/\/archive.sana.sy\/es\/index.php?rest_route=\/wp\/v2\/posts\/339887"}],"collection":[{"href":"https:\/\/archive.sana.sy\/es\/index.php?rest_route=\/wp\/v2\/posts"}],"about":[{"href":"https:\/\/archive.sana.sy\/es\/index.php?rest_route=\/wp\/v2\/types\/post"}],"author":[{"embeddable":true,"href":"https:\/\/archive.sana.sy\/es\/index.php?rest_route=\/wp\/v2\/users\/39"}],"replies":[{"embeddable":true,"href":"https:\/\/archive.sana.sy\/es\/index.php?rest_route=%2Fwp%2Fv2%2Fcomments&post=339887"}],"version-history":[{"count":2,"href":"https:\/\/archive.sana.sy\/es\/index.php?rest_route=\/wp\/v2\/posts\/339887\/revisions"}],"predecessor-version":[{"id":339890,"href":"https:\/\/archive.sana.sy\/es\/index.php?rest_route=\/wp\/v2\/posts\/339887\/revisions\/339890"}],"wp:featuredmedia":[{"embeddable":true,"href":"https:\/\/archive.sana.sy\/es\/index.php?rest_route=\/wp\/v2\/media\/339888"}],"wp:attachment":[{"href":"https:\/\/archive.sana.sy\/es\/index.php?rest_route=%2Fwp%2Fv2%2Fmedia&parent=339887"}],"wp:term":[{"taxonomy":"category","embeddable":true,"href":"https:\/\/archive.sana.sy\/es\/index.php?rest_route=%2Fwp%2Fv2%2Fcategories&post=339887"},{"taxonomy":"post_tag","embeddable":true,"href":"https:\/\/archive.sana.sy\/es\/index.php?rest_route=%2Fwp%2Fv2%2Ftags&post=339887"}],"curies":[{"name":"wp","href":"https:\/\/api.w.org\/{rel}","templated":true}]}}