{"id":339891,"date":"2024-10-07T20:06:15","date_gmt":"2024-10-07T17:06:15","guid":{"rendered":"https:\/\/sana.sy\/es\/?p=339891"},"modified":"2024-10-07T20:06:15","modified_gmt":"2024-10-07T17:06:15","slug":"iran-condena-energicamente-los-repetidos-ataques-israelies-contra-siria-y-la-continua-agresion-contra-gaza-y-el-libano","status":"publish","type":"post","link":"https:\/\/archive.sana.sy\/es\/?p=339891","title":{"rendered":"Ir\u00e1n condena en\u00e9rgicamente los repetidos ataques israel\u00edes contra Siria y la continua agresi\u00f3n contra Gaza y el L\u00edbano"},"content":{"rendered":"<p style=\"text-align: justify;\"><span style=\"color: #800000;\"><strong>Teher\u00e1n, 7 oct (SANA)<\/strong> <\/span>El Ministerio de Asuntos Exteriores de Ir\u00e1n conden\u00f3 en\u00e9rgicamente los repetidos ataques israel\u00edes contra Siria, asimismo pidi\u00f3 medidas serias a nivel regional e internacional para detener estos ataques y responsabilizar a la entidad ocupante.<\/p>\n<p style=\"text-align: justify;\">\u00a0\u201cLa continua guerra genocida contra los palestinos en Gaza, la agresi\u00f3n a gran escala contra el L\u00edbano, los repetidos ataques militares contra Siria por parte de \u201cIsrael\u201d y el fracaso del Consejo de Seguridad de la ONU para detener a Tel Aviv son una grave violaci\u00f3n de la paz y la estabilidad en la regi\u00f3n y tiene consecuencias peligrosas para la seguridad internacional\u201d dijo hoy el portavoz de la Canciller\u00eda del pa\u00eds persa, Ismail Baghaei, en una declaraci\u00f3n.<\/p>\n<p style=\"text-align: justify;\">El vocero subray\u00f3 que las agresiones del ocupante sionista contra los pa\u00edses isl\u00e1micos y \u00e1rabes son signo de la tendencia hostil de esta entidad y su b\u00fasqueda de expansi\u00f3n, y se refiri\u00f3 a la responsabilidad de EEUU y otros partidarios occidentales de \u201cIsrael\u201d en la comisi\u00f3n de estos actos que violan el Derecho Internacional.<\/p>\n<p>ahs\/sm<\/p>\n","protected":false},"excerpt":{"rendered":"<p>Teher\u00e1n, 7 oct (SANA) El Ministerio de Asuntos Exteriores de Ir\u00e1n conden\u00f3 en\u00e9rgicamente los repetidos ataques israel\u00edes contra Siria, asimismo pidi\u00f3 medidas serias a nivel regional e internacional para detener estos ataques y responsabilizar a la entidad ocupante. \u00a0\u201cLa continua guerra genocida contra los palestinos en Gaza, la agresi\u00f3n a gran escala contra el L\u00edbano, &hellip;<\/p>\n","protected":false},"author":43,"featured_media":339892,"comment_status":"closed","ping_status":"closed","sticky":false,"template":"","format":"standard","meta":{"footnotes":""},"categories":[597,456,16687,20724,7541],"tags":[],"class_list":["post-339891","post","type-post","status-publish","format-standard","has-post-thumbnail","","category-cinta-de-noticias","category-arabe-internacional-politica","category-internacionales","category-minuto-a-minuto","category-ultimas-noticias"],"_links":{"self":[{"href":"https:\/\/archive.sana.sy\/es\/index.php?rest_route=\/wp\/v2\/posts\/339891"}],"collection":[{"href":"https:\/\/archive.sana.sy\/es\/index.php?rest_route=\/wp\/v2\/posts"}],"about":[{"href":"https:\/\/archive.sana.sy\/es\/index.php?rest_route=\/wp\/v2\/types\/post"}],"author":[{"embeddable":true,"href":"https:\/\/archive.sana.sy\/es\/index.php?rest_route=\/wp\/v2\/users\/43"}],"replies":[{"embeddable":true,"href":"https:\/\/archive.sana.sy\/es\/index.php?rest_route=%2Fwp%2Fv2%2Fcomments&post=339891"}],"version-history":[{"count":1,"href":"https:\/\/archive.sana.sy\/es\/index.php?rest_route=\/wp\/v2\/posts\/339891\/revisions"}],"predecessor-version":[{"id":339893,"href":"https:\/\/archive.sana.sy\/es\/index.php?rest_route=\/wp\/v2\/posts\/339891\/revisions\/339893"}],"wp:featuredmedia":[{"embeddable":true,"href":"https:\/\/archive.sana.sy\/es\/index.php?rest_route=\/wp\/v2\/media\/339892"}],"wp:attachment":[{"href":"https:\/\/archive.sana.sy\/es\/index.php?rest_route=%2Fwp%2Fv2%2Fmedia&parent=339891"}],"wp:term":[{"taxonomy":"category","embeddable":true,"href":"https:\/\/archive.sana.sy\/es\/index.php?rest_route=%2Fwp%2Fv2%2Fcategories&post=339891"},{"taxonomy":"post_tag","embeddable":true,"href":"https:\/\/archive.sana.sy\/es\/index.php?rest_route=%2Fwp%2Fv2%2Ftags&post=339891"}],"curies":[{"name":"wp","href":"https:\/\/api.w.org\/{rel}","templated":true}]}}