{"id":339897,"date":"2024-10-08T05:21:02","date_gmt":"2024-10-08T02:21:02","guid":{"rendered":"https:\/\/sana.sy\/es\/?p=339897"},"modified":"2024-10-08T05:21:02","modified_gmt":"2024-10-08T02:21:02","slug":"siria-recibe-a-todos-los-desplazados-del-libano-sin-discriminacion-destaca-alto-comisionado-de-la-onu","status":"publish","type":"post","link":"https:\/\/archive.sana.sy\/es\/?p=339897","title":{"rendered":"Siria recibe a todos los desplazados del L\u00edbano sin discriminaci\u00f3n, destaca Alto Comisionado de la ONU"},"content":{"rendered":"<p><span style=\"color: #800000;\"><strong>Damasco, 8 oct (SANA)<\/strong> <\/span>El alto comisionado de las Naciones Unidas para los Refugiados, Filippo Grandi, visit\u00f3 hoy el paso fronterizo de Jdeidet Yabous donde estuvo al tanto de la asistencia proporcionada a quienes llegan a Siria desde el L\u00edbano. \u200f<\/p>\n<p>En declaraciones a los periodistas, Grandi expres\u00f3 su agradecimiento al gobierno sirio por su gran cooperaci\u00f3n y por permitir que todos los que llegan ingresen al territorio sirio sin discriminaci\u00f3n. \u200f<\/p>\n<p>Grandi se\u00f1al\u00f3 que el Alto Comisionado de las Naciones Unidas para los Refugiados juega un papel esencial en la coordinaci\u00f3n de esta respuesta en cooperaci\u00f3n con el gobierno sirio y con la Media Luna Roja \u00c1rabe Siria. \u200f<\/p>\n<p>Elogi\u00f3 el trabajo excepcional realizado por los empleados y voluntarios de la Media Luna Roja \u00c1rabe Siria las 24 horas del d\u00eda, as\u00ed como por todas las dem\u00e1s organizaciones locales e internacionales que laboran en Siria. \u200f<\/p>\n<p><img loading=\"lazy\" decoding=\"async\" class=\"wp-image-339898 alignleft\" src=\"http:\/\/sana.sy\/es\/wp-content\/uploads\/2024\/10\/dddd.jpg\" alt=\"\" width=\"317\" height=\"211\" srcset=\"https:\/\/archive.sana.sy\/es\/wp-content\/uploads\/2024\/10\/dddd.jpg 660w, https:\/\/archive.sana.sy\/es\/wp-content\/uploads\/2024\/10\/dddd-300x200.jpg 300w, https:\/\/archive.sana.sy\/es\/wp-content\/uploads\/2024\/10\/dddd-150x100.jpg 150w, https:\/\/archive.sana.sy\/es\/wp-content\/uploads\/2024\/10\/dddd-310x205.jpg 310w\" sizes=\"(max-width: 317px) 100vw, 317px\" \/>Grandi subray\u00f3 que la respuesta de ACNUR a los refugiados contin\u00faa, ya que centenares de personas siguen entrando en Siria desde varios pasos fronterizos.<\/p>\n<p>Haremos un llamamiento a los donantes de Damasco para que recojan donaciones que ayuden en la respuesta a la situaci\u00f3n humanitaria y concedan los fondos necesarios para tratar la situaci\u00f3n actual y durante los pr\u00f3ximos meses, afirm\u00f3 el Alto Comisionado.<\/p>\n<p>Explic\u00f3 que la situaci\u00f3n en el L\u00edbano es muy tr\u00e1gica y el 30 por ciento de los que llegan a Siria son libaneses, y el resto son sirios, adem\u00e1s de otras nacionalidades como palestinos y sudaneses.<\/p>\n<p>fm<\/p>\n","protected":false},"excerpt":{"rendered":"<p>Damasco, 8 oct (SANA) El alto comisionado de las Naciones Unidas para los Refugiados, Filippo Grandi, visit\u00f3 hoy el paso fronterizo de Jdeidet Yabous donde estuvo al tanto de la asistencia proporcionada a quienes llegan a Siria desde el L\u00edbano. \u200f En declaraciones a los periodistas, Grandi expres\u00f3 su agradecimiento al gobierno sirio por su &hellip;<\/p>\n","protected":false},"author":34,"featured_media":339899,"comment_status":"closed","ping_status":"closed","sticky":false,"template":"","format":"standard","meta":{"footnotes":""},"categories":[477,597,20724,467,583],"tags":[],"class_list":["post-339897","post","type-post","status-publish","format-standard","has-post-thumbnail","","category-noticias-edulcorantes","category-cinta-de-noticias","category-minuto-a-minuto","category-siria-y-el-mundo","category-slide"],"_links":{"self":[{"href":"https:\/\/archive.sana.sy\/es\/index.php?rest_route=\/wp\/v2\/posts\/339897"}],"collection":[{"href":"https:\/\/archive.sana.sy\/es\/index.php?rest_route=\/wp\/v2\/posts"}],"about":[{"href":"https:\/\/archive.sana.sy\/es\/index.php?rest_route=\/wp\/v2\/types\/post"}],"author":[{"embeddable":true,"href":"https:\/\/archive.sana.sy\/es\/index.php?rest_route=\/wp\/v2\/users\/34"}],"replies":[{"embeddable":true,"href":"https:\/\/archive.sana.sy\/es\/index.php?rest_route=%2Fwp%2Fv2%2Fcomments&post=339897"}],"version-history":[{"count":1,"href":"https:\/\/archive.sana.sy\/es\/index.php?rest_route=\/wp\/v2\/posts\/339897\/revisions"}],"predecessor-version":[{"id":339900,"href":"https:\/\/archive.sana.sy\/es\/index.php?rest_route=\/wp\/v2\/posts\/339897\/revisions\/339900"}],"wp:featuredmedia":[{"embeddable":true,"href":"https:\/\/archive.sana.sy\/es\/index.php?rest_route=\/wp\/v2\/media\/339899"}],"wp:attachment":[{"href":"https:\/\/archive.sana.sy\/es\/index.php?rest_route=%2Fwp%2Fv2%2Fmedia&parent=339897"}],"wp:term":[{"taxonomy":"category","embeddable":true,"href":"https:\/\/archive.sana.sy\/es\/index.php?rest_route=%2Fwp%2Fv2%2Fcategories&post=339897"},{"taxonomy":"post_tag","embeddable":true,"href":"https:\/\/archive.sana.sy\/es\/index.php?rest_route=%2Fwp%2Fv2%2Ftags&post=339897"}],"curies":[{"name":"wp","href":"https:\/\/api.w.org\/{rel}","templated":true}]}}