{"id":339906,"date":"2024-10-08T10:38:25","date_gmt":"2024-10-08T07:38:25","guid":{"rendered":"https:\/\/sana.sy\/es\/?p=339906"},"modified":"2024-10-08T10:38:25","modified_gmt":"2024-10-08T07:38:25","slug":"patriarca-aphrem-ii-insta-a-tomar-medidas-urgentes-para-apoyar-a-los-libaneses-afectados-por-agresiones-israelies","status":"publish","type":"post","link":"https:\/\/archive.sana.sy\/es\/?p=339906","title":{"rendered":"Patriarca Aphrem II insta a tomar medidas urgentes para apoyar a los libaneses afectados por agresiones israel\u00edes"},"content":{"rendered":"<p style=\"text-align: justify;\"><span style=\"color: #800000;\"><strong>Damasco, 8 oct (SANA) <\/strong><\/span>El patriarca de Antioqu\u00eda y todo Oriente para los ortodoxos, Mar Ignacio Aphrem II, inst\u00f3 por una acci\u00f3n mundial inmediata para brindar apoyo urgente a los libaneses, aliviar su sufrimiento y garantizar sus necesidades b\u00e1sicas.<\/p>\n<p style=\"text-align: justify;\">El Patriarca denunci\u00f3 las masacres israel\u00edes contra libaneses inocentes, el desplazamiento forzado de m\u00e1s de un mill\u00f3n y medio de personas de sus ciudades y la destrucci\u00f3n de sus hogares, lo que crea una nueva realidad y provoca conflictos y caos.<\/p>\n<p style=\"text-align: justify;\">Llam\u00f3 a todos los libaneses a unirse y solidarizarse unos con otros para protegerse de los peligros de esta guerra injusta y restaurar la seguridad y la estabilidad en el L\u00edbano.<\/p>\n<p style=\"text-align: justify;\">as\/fm<\/p>\n","protected":false},"excerpt":{"rendered":"<p>Damasco, 8 oct (SANA) El patriarca de Antioqu\u00eda y todo Oriente para los ortodoxos, Mar Ignacio Aphrem II, inst\u00f3 por una acci\u00f3n mundial inmediata para brindar apoyo urgente a los libaneses, aliviar su sufrimiento y garantizar sus necesidades b\u00e1sicas. El Patriarca denunci\u00f3 las masacres israel\u00edes contra libaneses inocentes, el desplazamiento forzado de m\u00e1s de un &hellip;<\/p>\n","protected":false},"author":42,"featured_media":339907,"comment_status":"closed","ping_status":"closed","sticky":false,"template":"","format":"standard","meta":{"footnotes":""},"categories":[597,456,16687,20724,7541],"tags":[],"class_list":["post-339906","post","type-post","status-publish","format-standard","has-post-thumbnail","","category-cinta-de-noticias","category-arabe-internacional-politica","category-internacionales","category-minuto-a-minuto","category-ultimas-noticias"],"_links":{"self":[{"href":"https:\/\/archive.sana.sy\/es\/index.php?rest_route=\/wp\/v2\/posts\/339906"}],"collection":[{"href":"https:\/\/archive.sana.sy\/es\/index.php?rest_route=\/wp\/v2\/posts"}],"about":[{"href":"https:\/\/archive.sana.sy\/es\/index.php?rest_route=\/wp\/v2\/types\/post"}],"author":[{"embeddable":true,"href":"https:\/\/archive.sana.sy\/es\/index.php?rest_route=\/wp\/v2\/users\/42"}],"replies":[{"embeddable":true,"href":"https:\/\/archive.sana.sy\/es\/index.php?rest_route=%2Fwp%2Fv2%2Fcomments&post=339906"}],"version-history":[{"count":1,"href":"https:\/\/archive.sana.sy\/es\/index.php?rest_route=\/wp\/v2\/posts\/339906\/revisions"}],"predecessor-version":[{"id":339908,"href":"https:\/\/archive.sana.sy\/es\/index.php?rest_route=\/wp\/v2\/posts\/339906\/revisions\/339908"}],"wp:featuredmedia":[{"embeddable":true,"href":"https:\/\/archive.sana.sy\/es\/index.php?rest_route=\/wp\/v2\/media\/339907"}],"wp:attachment":[{"href":"https:\/\/archive.sana.sy\/es\/index.php?rest_route=%2Fwp%2Fv2%2Fmedia&parent=339906"}],"wp:term":[{"taxonomy":"category","embeddable":true,"href":"https:\/\/archive.sana.sy\/es\/index.php?rest_route=%2Fwp%2Fv2%2Fcategories&post=339906"},{"taxonomy":"post_tag","embeddable":true,"href":"https:\/\/archive.sana.sy\/es\/index.php?rest_route=%2Fwp%2Fv2%2Ftags&post=339906"}],"curies":[{"name":"wp","href":"https:\/\/api.w.org\/{rel}","templated":true}]}}