{"id":339909,"date":"2024-10-08T18:45:15","date_gmt":"2024-10-08T15:45:15","guid":{"rendered":"https:\/\/sana.sy\/es\/?p=339909"},"modified":"2024-10-08T19:01:20","modified_gmt":"2024-10-08T16:01:20","slug":"canciller-sirio-recibe-al-alto-comisionado-de-la-onu-para-los-refugiados","status":"publish","type":"post","link":"https:\/\/archive.sana.sy\/es\/?p=339909","title":{"rendered":"Canciller sirio recibe al Alto Comisionado de la ONU para los Refugiados"},"content":{"rendered":"<p style=\"text-align: justify\">\u00a0<span style=\"color: #800000\"><strong>Damasco, 8 oct (SANA)<\/strong><\/span> El ministro de Asuntos Exteriores y Expatriados, Bassam Sabbagh, recibi\u00f3 hoy al alto comisionado de las Naciones Unidas para los Refugiados, Filippo Grandi, en la sede del Ministerio en Damasco.<\/p>\n<p style=\"text-align: justify\">Durante el encuentro, ambas partes abordaron las v\u00edas de fortalecer la cooperaci\u00f3n entre Siria y la ACNUR, especialmente en la etapa actual, donde se requiere una respuesta humanitaria urgente a los hermanos libaneses que llegaron a Siria a consecuencia de las agresiones israel\u00edes.<\/p>\n<p style=\"text-align: justify\">El mismo contexto enfatizaron la importancia de intensificar y ampliar los proyectos de recuperaci\u00f3n temprana, lo que posibilitar\u00e1 a los refugiados sirios retornar a sus zonas de origen y disfrutar de los servicios b\u00e1sicos.<\/p>\n<p style=\"text-align: justify\">La v\u00edspera, Grandi visit\u00f3 el paso fronterizo de Jdeidet Yabous y estuvo al tanto de la asistencia proporcionada a quienes llegan a Siria desde el L\u00edbano. \u200f<\/p>\n<p style=\"text-align: justify\">En declaraciones a los periodistas, Grandi expres\u00f3 su agradecimiento al gobierno sirio por su gran cooperaci\u00f3n y por permitir que todos los que llegan ingresen al territorio sirio sin discriminaci\u00f3n. \u200f<\/p>\n<p style=\"text-align: justify\">Elogi\u00f3 el trabajo excepcional realizado por los empleados y voluntarios de la Media Luna Roja \u00c1rabe Siria las 24 horas del d\u00eda, as\u00ed como por todas las dem\u00e1s organizaciones locales e internacionales que laboran en Siria. \u200f<\/p>\n<p style=\"text-align: justify\">Explic\u00f3 que la situaci\u00f3n en el L\u00edbano es muy tr\u00e1gica y el 30 por ciento de los que llegan a Siria son libaneses, y el resto son sirios, adem\u00e1s de otras nacionalidades como palestinos y sudaneses.<\/p>\n<p><img loading=\"lazy\" decoding=\"async\" class=\"alignnone size-full wp-image-339910\" src=\"http:\/\/sana.sy\/es\/wp-content\/uploads\/2024\/10\/Canciller-sirio-recibe-al-Alto-Comisionado-de-la-ONU-para-los-Refugiados.jpg\" alt=\"\" width=\"1280\" height=\"847\" srcset=\"https:\/\/archive.sana.sy\/es\/wp-content\/uploads\/2024\/10\/Canciller-sirio-recibe-al-Alto-Comisionado-de-la-ONU-para-los-Refugiados.jpg 1280w, https:\/\/archive.sana.sy\/es\/wp-content\/uploads\/2024\/10\/Canciller-sirio-recibe-al-Alto-Comisionado-de-la-ONU-para-los-Refugiados-300x199.jpg 300w, https:\/\/archive.sana.sy\/es\/wp-content\/uploads\/2024\/10\/Canciller-sirio-recibe-al-Alto-Comisionado-de-la-ONU-para-los-Refugiados-1024x678.jpg 1024w, https:\/\/archive.sana.sy\/es\/wp-content\/uploads\/2024\/10\/Canciller-sirio-recibe-al-Alto-Comisionado-de-la-ONU-para-los-Refugiados-150x99.jpg 150w, https:\/\/archive.sana.sy\/es\/wp-content\/uploads\/2024\/10\/Canciller-sirio-recibe-al-Alto-Comisionado-de-la-ONU-para-los-Refugiados-768x508.jpg 768w, https:\/\/archive.sana.sy\/es\/wp-content\/uploads\/2024\/10\/Canciller-sirio-recibe-al-Alto-Comisionado-de-la-ONU-para-los-Refugiados-310x205.jpg 310w\" sizes=\"(max-width: 1280px) 100vw, 1280px\" \/><\/p>\n<p style=\"text-align: justify\">fm\/ed\/la<\/p>\n","protected":false},"excerpt":{"rendered":"<p>\u00a0Damasco, 8 oct (SANA) El ministro de Asuntos Exteriores y Expatriados, Bassam Sabbagh, recibi\u00f3 hoy al alto comisionado de las Naciones Unidas para los Refugiados, Filippo Grandi, en la sede del Ministerio en Damasco. Durante el encuentro, ambas partes abordaron las v\u00edas de fortalecer la cooperaci\u00f3n entre Siria y la ACNUR, especialmente en la etapa &hellip;<\/p>\n","protected":false},"author":32,"featured_media":339951,"comment_status":"closed","ping_status":"closed","sticky":false,"template":"","format":"standard","meta":{"footnotes":""},"categories":[477,597,20724,476,7541],"tags":[],"class_list":["post-339909","post","type-post","status-publish","format-standard","has-post-thumbnail","","category-noticias-edulcorantes","category-cinta-de-noticias","category-minuto-a-minuto","category-locales","category-ultimas-noticias"],"_links":{"self":[{"href":"https:\/\/archive.sana.sy\/es\/index.php?rest_route=\/wp\/v2\/posts\/339909"}],"collection":[{"href":"https:\/\/archive.sana.sy\/es\/index.php?rest_route=\/wp\/v2\/posts"}],"about":[{"href":"https:\/\/archive.sana.sy\/es\/index.php?rest_route=\/wp\/v2\/types\/post"}],"author":[{"embeddable":true,"href":"https:\/\/archive.sana.sy\/es\/index.php?rest_route=\/wp\/v2\/users\/32"}],"replies":[{"embeddable":true,"href":"https:\/\/archive.sana.sy\/es\/index.php?rest_route=%2Fwp%2Fv2%2Fcomments&post=339909"}],"version-history":[{"count":7,"href":"https:\/\/archive.sana.sy\/es\/index.php?rest_route=\/wp\/v2\/posts\/339909\/revisions"}],"predecessor-version":[{"id":339955,"href":"https:\/\/archive.sana.sy\/es\/index.php?rest_route=\/wp\/v2\/posts\/339909\/revisions\/339955"}],"wp:featuredmedia":[{"embeddable":true,"href":"https:\/\/archive.sana.sy\/es\/index.php?rest_route=\/wp\/v2\/media\/339951"}],"wp:attachment":[{"href":"https:\/\/archive.sana.sy\/es\/index.php?rest_route=%2Fwp%2Fv2%2Fmedia&parent=339909"}],"wp:term":[{"taxonomy":"category","embeddable":true,"href":"https:\/\/archive.sana.sy\/es\/index.php?rest_route=%2Fwp%2Fv2%2Fcategories&post=339909"},{"taxonomy":"post_tag","embeddable":true,"href":"https:\/\/archive.sana.sy\/es\/index.php?rest_route=%2Fwp%2Fv2%2Ftags&post=339909"}],"curies":[{"name":"wp","href":"https:\/\/api.w.org\/{rel}","templated":true}]}}