{"id":339913,"date":"2024-10-08T13:06:43","date_gmt":"2024-10-08T10:06:43","guid":{"rendered":"https:\/\/sana.sy\/es\/?p=339913"},"modified":"2024-10-08T13:06:43","modified_gmt":"2024-10-08T10:06:43","slug":"presidente-sirio-felicita-a-su-homologo-tunecino-por-su-reeleccion","status":"publish","type":"post","link":"https:\/\/archive.sana.sy\/es\/?p=339913","title":{"rendered":"Presidente sirio felicita a su hom\u00f3logo tunecino por su reelecci\u00f3n"},"content":{"rendered":"<p style=\"text-align: justify;\"><span style=\"color: #800000;\"><strong>Damasco, 8 oct (SANA)<\/strong><\/span> El presidente sirio Bashar Al-Assad envi\u00f3 un mensaje al presidente tunecino Kais Saied, con motivo de la reelecci\u00f3n de este \u00faltimo en las elecciones presidenciales.<\/p>\n<p style=\"text-align: justify;\">\u201cLe felicito por la reiterada confianza del pueblo tunecino en su persona, sus visiones y sus ideas para conducir a su hermano pa\u00eds hacia nueva etapa que seguramente traer\u00e1 a su pa\u00eds m\u00e1s progreso, desarrollo y bienestar\u201d, dijo el mandatario sirio en su misiva.<\/p>\n<p style=\"text-align: justify;\">Expres\u00f3 la convicci\u00f3n en que el presidente Saied seguir\u00e1 preservando los principios de su pueblo y su estabilidad y seguridad en un mundo turbulento arrasado por corrientes intelectuales an\u00f3malas cuyo objetivo es destruir sociedades, subvertir mentes y socavar los valores y la moral.<\/p>\n<p style=\"text-align: justify;\">\u201cSi cada uno de nuestros pa\u00edses \u00e1rabes es capaz a trav\u00e9s de la conciencia popular, acompa\u00f1ada de una acci\u00f3n oficial responsable, de fortalecer sus sociedades, entonces la inmunidad ser\u00e1 m\u00e1s fuerte y m\u00e1s s\u00f3lida\u201d, consider\u00f3 Al-Assad.<br \/>\nLlam\u00f3 a trabajar en conjunto para preservar la aut\u00e9ntica pertenecia e identidad \u00e1rabes.<\/p>\n<p style=\"text-align: justify;\">Al-Assad abog\u00f3 por el trabajo con su hom\u00f3logo reelecto para fortalecer las relaciones fraternales entre Siria y T\u00fanez, y abrir nuevas perspectivas de cooperaci\u00f3n bilateral efectiva y pr\u00f3spera que satisfaga las aspiraciones de los dos pueblos y logre sus intereses comunes.<\/p>\n<p style=\"text-align: justify;\">El presidente de T\u00fanez, Kais Saied, hab\u00eda ganado las elecciones tras obtener el 90,69 por ciento de los votos.<\/p>\n<p style=\"text-align: justify;\">fm\/as<\/p>\n","protected":false},"excerpt":{"rendered":"<p>Damasco, 8 oct (SANA) El presidente sirio Bashar Al-Assad envi\u00f3 un mensaje al presidente tunecino Kais Saied, con motivo de la reelecci\u00f3n de este \u00faltimo en las elecciones presidenciales. \u201cLe felicito por la reiterada confianza del pueblo tunecino en su persona, sus visiones y sus ideas para conducir a su hermano pa\u00eds hacia nueva etapa &hellip;<\/p>\n","protected":false},"author":42,"featured_media":339914,"comment_status":"closed","ping_status":"closed","sticky":false,"template":"","format":"standard","meta":{"footnotes":""},"categories":[597,20724,16237,583],"tags":[],"class_list":["post-339913","post","type-post","status-publish","format-standard","has-post-thumbnail","","category-cinta-de-noticias","category-minuto-a-minuto","category-presidence-de-la-republique-arabe-syria","category-slide"],"_links":{"self":[{"href":"https:\/\/archive.sana.sy\/es\/index.php?rest_route=\/wp\/v2\/posts\/339913"}],"collection":[{"href":"https:\/\/archive.sana.sy\/es\/index.php?rest_route=\/wp\/v2\/posts"}],"about":[{"href":"https:\/\/archive.sana.sy\/es\/index.php?rest_route=\/wp\/v2\/types\/post"}],"author":[{"embeddable":true,"href":"https:\/\/archive.sana.sy\/es\/index.php?rest_route=\/wp\/v2\/users\/42"}],"replies":[{"embeddable":true,"href":"https:\/\/archive.sana.sy\/es\/index.php?rest_route=%2Fwp%2Fv2%2Fcomments&post=339913"}],"version-history":[{"count":1,"href":"https:\/\/archive.sana.sy\/es\/index.php?rest_route=\/wp\/v2\/posts\/339913\/revisions"}],"predecessor-version":[{"id":339915,"href":"https:\/\/archive.sana.sy\/es\/index.php?rest_route=\/wp\/v2\/posts\/339913\/revisions\/339915"}],"wp:featuredmedia":[{"embeddable":true,"href":"https:\/\/archive.sana.sy\/es\/index.php?rest_route=\/wp\/v2\/media\/339914"}],"wp:attachment":[{"href":"https:\/\/archive.sana.sy\/es\/index.php?rest_route=%2Fwp%2Fv2%2Fmedia&parent=339913"}],"wp:term":[{"taxonomy":"category","embeddable":true,"href":"https:\/\/archive.sana.sy\/es\/index.php?rest_route=%2Fwp%2Fv2%2Fcategories&post=339913"},{"taxonomy":"post_tag","embeddable":true,"href":"https:\/\/archive.sana.sy\/es\/index.php?rest_route=%2Fwp%2Fv2%2Ftags&post=339913"}],"curies":[{"name":"wp","href":"https:\/\/api.w.org\/{rel}","templated":true}]}}