{"id":339918,"date":"2024-10-08T13:25:49","date_gmt":"2024-10-08T10:25:49","guid":{"rendered":"https:\/\/sana.sy\/es\/?p=339918"},"modified":"2024-10-08T13:25:49","modified_gmt":"2024-10-08T10:25:49","slug":"mueren-31-palestinos-en-bombardeos-israelies-contra-gaza","status":"publish","type":"post","link":"https:\/\/archive.sana.sy\/es\/?p=339918","title":{"rendered":"Mueren 31 palestinos en bombardeos israel\u00edes contra Gaza"},"content":{"rendered":"<p style=\"text-align: justify;\"><span style=\"color: #800000;\"><strong>Jerusal\u00e9n ocupada, 8 oct (SANA) <\/strong><\/span>Al menos 31 palestinos perdieron la vida y otros resultaron heridos en bombardeos del ej\u00e9rcito de ocupaci\u00f3n israel\u00ed contra Gaza.<\/p>\n<p style=\"text-align: justify;\">Aviones de combate israel\u00edes bombardearon un edificio en el campo de Bureij y tiendas de campa\u00f1a de los desplazados en el campo de Nuseirat, en el centro de la Franja de Gaza, lo que provoc\u00f3 la muerte de 25 palestinos y decenas de heridos.<\/p>\n<p style=\"text-align: justify;\">Tambi\u00e9n, atacaron un grupo de palestinos en la zona de Khirbet al-Adas en Rafah, al sur del enclave costero, matando a seis palestinos e hiriendo a otros.<\/p>\n<p style=\"text-align: justify;\">Asimismo, violentos bombardeos a\u00e9reos y con artiller\u00eda fueron perpetrados por cuarto d\u00eda consecutivo contra el campamento de Jabalia, en el norte de Gaza.<\/p>\n<p style=\"text-align: justify;\">Por otro lado, los cuerpos de decenas de muertos palestinos se encuentran todav\u00eda en las calles del campamento despu\u00e9s de que los equipos de defensa civil no lograran llegar hasta ellos.<\/p>\n<p style=\"text-align: justify;\">La v\u00edspera, el Ministerio de Salud palestino anunci\u00f3 que el n\u00famero de v\u00edctimas de la actual agresi\u00f3n aument\u00f3 a 41.909 muertos y 97.303 heridos.<\/p>\n<p style=\"text-align: justify;\">as\/fm<\/p>\n","protected":false},"excerpt":{"rendered":"<p>Jerusal\u00e9n ocupada, 8 oct (SANA) Al menos 31 palestinos perdieron la vida y otros resultaron heridos en bombardeos del ej\u00e9rcito de ocupaci\u00f3n israel\u00ed contra Gaza. Aviones de combate israel\u00edes bombardearon un edificio en el campo de Bureij y tiendas de campa\u00f1a de los desplazados en el campo de Nuseirat, en el centro de la Franja &hellip;<\/p>\n","protected":false},"author":42,"featured_media":339919,"comment_status":"closed","ping_status":"closed","sticky":false,"template":"","format":"standard","meta":{"footnotes":""},"categories":[597,456,16687,20724,7541],"tags":[],"class_list":["post-339918","post","type-post","status-publish","format-standard","has-post-thumbnail","","category-cinta-de-noticias","category-arabe-internacional-politica","category-internacionales","category-minuto-a-minuto","category-ultimas-noticias"],"_links":{"self":[{"href":"https:\/\/archive.sana.sy\/es\/index.php?rest_route=\/wp\/v2\/posts\/339918"}],"collection":[{"href":"https:\/\/archive.sana.sy\/es\/index.php?rest_route=\/wp\/v2\/posts"}],"about":[{"href":"https:\/\/archive.sana.sy\/es\/index.php?rest_route=\/wp\/v2\/types\/post"}],"author":[{"embeddable":true,"href":"https:\/\/archive.sana.sy\/es\/index.php?rest_route=\/wp\/v2\/users\/42"}],"replies":[{"embeddable":true,"href":"https:\/\/archive.sana.sy\/es\/index.php?rest_route=%2Fwp%2Fv2%2Fcomments&post=339918"}],"version-history":[{"count":1,"href":"https:\/\/archive.sana.sy\/es\/index.php?rest_route=\/wp\/v2\/posts\/339918\/revisions"}],"predecessor-version":[{"id":339920,"href":"https:\/\/archive.sana.sy\/es\/index.php?rest_route=\/wp\/v2\/posts\/339918\/revisions\/339920"}],"wp:featuredmedia":[{"embeddable":true,"href":"https:\/\/archive.sana.sy\/es\/index.php?rest_route=\/wp\/v2\/media\/339919"}],"wp:attachment":[{"href":"https:\/\/archive.sana.sy\/es\/index.php?rest_route=%2Fwp%2Fv2%2Fmedia&parent=339918"}],"wp:term":[{"taxonomy":"category","embeddable":true,"href":"https:\/\/archive.sana.sy\/es\/index.php?rest_route=%2Fwp%2Fv2%2Fcategories&post=339918"},{"taxonomy":"post_tag","embeddable":true,"href":"https:\/\/archive.sana.sy\/es\/index.php?rest_route=%2Fwp%2Fv2%2Ftags&post=339918"}],"curies":[{"name":"wp","href":"https:\/\/api.w.org\/{rel}","templated":true}]}}