{"id":339921,"date":"2024-10-08T14:30:07","date_gmt":"2024-10-08T11:30:07","guid":{"rendered":"https:\/\/sana.sy\/es\/?p=339921"},"modified":"2024-10-08T14:30:07","modified_gmt":"2024-10-08T11:30:07","slug":"cuba-presenta-solicitud-oficial-para-unirse-al-grupo-brics","status":"publish","type":"post","link":"https:\/\/archive.sana.sy\/es\/?p=339921","title":{"rendered":"Cuba presenta solicitud oficial para unirse al grupo BRICS"},"content":{"rendered":"<p style=\"text-align: justify;\"><span style=\"color: #800000;\"><strong>La Habana, 8 oct (SANA)<\/strong> <\/span>El director general de Relaciones Bilaterales del Ministerio de Relaciones Exteriores de Cuba, Carlos Pereira, dijo hoy que el gobierno de su pa\u00eds ha presentado una solicitud oficial a Rusia para que lo acepte como pa\u00eds socio del grupo BRICS.<\/p>\n<p style=\"text-align: justify;\">Con un mensaje publicado en la red social X, el diplom\u00e1tico cubano asegur\u00f3 que la petitoria fue realizada por medio de una misiva al presidente de Rusia, Vladimir Putin, quien ostenta la Presidencia del Grupo.<\/p>\n<p style=\"text-align: justify;\">De acuerdo con el directivo, ese bloque pol\u00edtico y econ\u00f3mico de varios pa\u00edses emergentes se consolida como actor clave en la geopol\u00edtica global y esperanza para los pa\u00edses del Sur.<\/p>\n<p style=\"text-align: justify;\">La petici\u00f3n tambi\u00e9n fue notificada por el embajador de Rusia en esta capital, V\u00edctor Koronelli, quien record\u00f3 que durante este a\u00f1o representantes cubanos ya han participado en varios eventos multidisciplinarios en el marco del Brics.<\/p>\n<p style=\"text-align: justify;\">Denominado actualmente Brics+, el grupo fue constituido como un espacio internacional alternativo al G7, integrado por pa\u00edses desarrollados, y qued\u00f3 conformado por Brasil, Rusia, India, China y Sud\u00e1frica en 2010.<\/p>\n<p style=\"text-align: justify;\">fm\/as<\/p>\n","protected":false},"excerpt":{"rendered":"<p>La Habana, 8 oct (SANA) El director general de Relaciones Bilaterales del Ministerio de Relaciones Exteriores de Cuba, Carlos Pereira, dijo hoy que el gobierno de su pa\u00eds ha presentado una solicitud oficial a Rusia para que lo acepte como pa\u00eds socio del grupo BRICS. Con un mensaje publicado en la red social X, el &hellip;<\/p>\n","protected":false},"author":42,"featured_media":339922,"comment_status":"closed","ping_status":"closed","sticky":false,"template":"","format":"standard","meta":{"footnotes":""},"categories":[597,456,16687,20724,7541],"tags":[],"class_list":["post-339921","post","type-post","status-publish","format-standard","has-post-thumbnail","","category-cinta-de-noticias","category-arabe-internacional-politica","category-internacionales","category-minuto-a-minuto","category-ultimas-noticias"],"_links":{"self":[{"href":"https:\/\/archive.sana.sy\/es\/index.php?rest_route=\/wp\/v2\/posts\/339921"}],"collection":[{"href":"https:\/\/archive.sana.sy\/es\/index.php?rest_route=\/wp\/v2\/posts"}],"about":[{"href":"https:\/\/archive.sana.sy\/es\/index.php?rest_route=\/wp\/v2\/types\/post"}],"author":[{"embeddable":true,"href":"https:\/\/archive.sana.sy\/es\/index.php?rest_route=\/wp\/v2\/users\/42"}],"replies":[{"embeddable":true,"href":"https:\/\/archive.sana.sy\/es\/index.php?rest_route=%2Fwp%2Fv2%2Fcomments&post=339921"}],"version-history":[{"count":1,"href":"https:\/\/archive.sana.sy\/es\/index.php?rest_route=\/wp\/v2\/posts\/339921\/revisions"}],"predecessor-version":[{"id":339923,"href":"https:\/\/archive.sana.sy\/es\/index.php?rest_route=\/wp\/v2\/posts\/339921\/revisions\/339923"}],"wp:featuredmedia":[{"embeddable":true,"href":"https:\/\/archive.sana.sy\/es\/index.php?rest_route=\/wp\/v2\/media\/339922"}],"wp:attachment":[{"href":"https:\/\/archive.sana.sy\/es\/index.php?rest_route=%2Fwp%2Fv2%2Fmedia&parent=339921"}],"wp:term":[{"taxonomy":"category","embeddable":true,"href":"https:\/\/archive.sana.sy\/es\/index.php?rest_route=%2Fwp%2Fv2%2Fcategories&post=339921"},{"taxonomy":"post_tag","embeddable":true,"href":"https:\/\/archive.sana.sy\/es\/index.php?rest_route=%2Fwp%2Fv2%2Ftags&post=339921"}],"curies":[{"name":"wp","href":"https:\/\/api.w.org\/{rel}","templated":true}]}}