{"id":339942,"date":"2024-10-08T18:01:12","date_gmt":"2024-10-08T15:01:12","guid":{"rendered":"https:\/\/sana.sy\/es\/?p=339942"},"modified":"2024-10-08T18:01:42","modified_gmt":"2024-10-08T15:01:42","slug":"gabinete-reitera-que-la-prioridad-en-esta-etapa-es-para-los-hermanos-libaneses","status":"publish","type":"post","link":"https:\/\/archive.sana.sy\/es\/?p=339942","title":{"rendered":"Gabinete reitera que la prioridad en esta etapa es para los hermanos libaneses"},"content":{"rendered":"<p style=\"text-align: justify\"><span style=\"color: #800000\"><strong>Damasco, 8 oct (SANA)<\/strong> <\/span>El Consejo de Ministros reiter\u00f3 que la prioridad de su trabajo en la fase actual es proporcionar todo tipo de ayuda necesaria a los hermanos libaneses y a los expatriados sirios que regresaron del L\u00edbano escap\u00e1ndose de la continua agresi\u00f3n israel\u00ed contra el pa\u00eds vecino.<\/p>\n<p style=\"text-align: justify\">Durante la sesi\u00f3n de hoy, fueron abordados varios temas de inter\u00e9s p\u00fablico, as\u00ed como se hizo hincapi\u00e9 en el tema de reforzar el papel del sector privado en algunos sectores industriales dependientes del sector p\u00fablico.<\/p>\n<p style=\"text-align: justify\">En este contexto, el Gabinete ratific\u00f3 el establecimiento de la Compa\u00f1\u00eda P\u00fablica de Ingenier\u00eda e Industrias Qu\u00edmicas luego de conseguir la fusi\u00f3n de las dos instituciones de Ingenier\u00eda e Industrias qu\u00edmicas.<\/p>\n<p style=\"text-align: justify\">Esta medida ayudar\u00e1 a aumentar la eficiencia de la nueva entidad, ampliar la gama de los productos fabricados, cubrir las necesidades del mercado local, as\u00ed como incrementar la cantidad de estos productos destinada a la exportaci\u00f3n.<\/p>\n<p style=\"text-align: justify\">la<\/p>\n","protected":false},"excerpt":{"rendered":"<p>Damasco, 8 oct (SANA) El Consejo de Ministros reiter\u00f3 que la prioridad de su trabajo en la fase actual es proporcionar todo tipo de ayuda necesaria a los hermanos libaneses y a los expatriados sirios que regresaron del L\u00edbano escap\u00e1ndose de la continua agresi\u00f3n israel\u00ed contra el pa\u00eds vecino. Durante la sesi\u00f3n de hoy, fueron &hellip;<\/p>\n","protected":false},"author":24,"featured_media":339943,"comment_status":"closed","ping_status":"closed","sticky":false,"template":"","format":"standard","meta":{"footnotes":""},"categories":[447,597,20724,476,448,7541],"tags":[],"class_list":["post-339942","post","type-post","status-publish","format-standard","has-post-thumbnail","","category-local-politica","category-cinta-de-noticias","category-minuto-a-minuto","category-locales","category-noticias","category-ultimas-noticias"],"_links":{"self":[{"href":"https:\/\/archive.sana.sy\/es\/index.php?rest_route=\/wp\/v2\/posts\/339942"}],"collection":[{"href":"https:\/\/archive.sana.sy\/es\/index.php?rest_route=\/wp\/v2\/posts"}],"about":[{"href":"https:\/\/archive.sana.sy\/es\/index.php?rest_route=\/wp\/v2\/types\/post"}],"author":[{"embeddable":true,"href":"https:\/\/archive.sana.sy\/es\/index.php?rest_route=\/wp\/v2\/users\/24"}],"replies":[{"embeddable":true,"href":"https:\/\/archive.sana.sy\/es\/index.php?rest_route=%2Fwp%2Fv2%2Fcomments&post=339942"}],"version-history":[{"count":2,"href":"https:\/\/archive.sana.sy\/es\/index.php?rest_route=\/wp\/v2\/posts\/339942\/revisions"}],"predecessor-version":[{"id":339945,"href":"https:\/\/archive.sana.sy\/es\/index.php?rest_route=\/wp\/v2\/posts\/339942\/revisions\/339945"}],"wp:featuredmedia":[{"embeddable":true,"href":"https:\/\/archive.sana.sy\/es\/index.php?rest_route=\/wp\/v2\/media\/339943"}],"wp:attachment":[{"href":"https:\/\/archive.sana.sy\/es\/index.php?rest_route=%2Fwp%2Fv2%2Fmedia&parent=339942"}],"wp:term":[{"taxonomy":"category","embeddable":true,"href":"https:\/\/archive.sana.sy\/es\/index.php?rest_route=%2Fwp%2Fv2%2Fcategories&post=339942"},{"taxonomy":"post_tag","embeddable":true,"href":"https:\/\/archive.sana.sy\/es\/index.php?rest_route=%2Fwp%2Fv2%2Ftags&post=339942"}],"curies":[{"name":"wp","href":"https:\/\/api.w.org\/{rel}","templated":true}]}}