{"id":339956,"date":"2024-10-08T19:18:47","date_gmt":"2024-10-08T16:18:47","guid":{"rendered":"https:\/\/sana.sy\/es\/?p=339956"},"modified":"2024-10-08T19:22:50","modified_gmt":"2024-10-08T16:22:50","slug":"siria-y-rusa-abordan-vias-de-mejorar-la-cooperacion-en-el-campo-sanitario-y-farmaceutico","status":"publish","type":"post","link":"https:\/\/archive.sana.sy\/es\/?p=339956","title":{"rendered":"Siria y Rusia abordan v\u00edas de mejorar la cooperaci\u00f3n en materia sanitaria y farmac\u00e9utica"},"content":{"rendered":"<p style=\"text-align: justify\"><span style=\"color: #800000\"><strong>Damasco, 8 oct (SANA)<\/strong><\/span> El ministro de Salud, Dr. Ahmed Damiriyeh, recibi\u00f3 este martes a Andrei Plotnitsky, viceministro de Salud de la Federaci\u00f3n Rusa.<\/p>\n<p style=\"text-align: justify\">Ambas partes examinaron las v\u00edas de fortalecer la cooperaci\u00f3n binacional en el campo de salud.<\/p>\n<p style=\"text-align: justify\">La reuni\u00f3n tuvo lugar al margen de las actividades de la Segunda Conferencia Ruso-Siria sobre Salud bautizada \u201cM\u00e9todos de Avicena\u201d.<\/p>\n<p style=\"text-align: justify\">Damirieh destac\u00f3 la importancia del intercambio de experiencias entre ambas partes y de la cooperaci\u00f3n en el sector de la industria farmac\u00e9utica, dado que Rusia se considera uno de los pa\u00edses desarrollados en este campo.<\/p>\n<p style=\"text-align: justify\">A su vez, el viceministro ruso de Salud manifest\u00f3 la disposici\u00f3n de su pa\u00eds para recibir a m\u00e9dicos sirios con el fin de ofrecerles cursos de formaci\u00f3n, en varias \u00e1reas, inclusive la electromedicina.<\/p>\n<p style=\"text-align: justify\">la<\/p>\n","protected":false},"excerpt":{"rendered":"<p>Damasco, 8 oct (SANA) El ministro de Salud, Dr. Ahmed Damiriyeh, recibi\u00f3 este martes a Andrei Plotnitsky, viceministro de Salud de la Federaci\u00f3n Rusa. Ambas partes examinaron las v\u00edas de fortalecer la cooperaci\u00f3n binacional en el campo de salud. La reuni\u00f3n tuvo lugar al margen de las actividades de la Segunda Conferencia Ruso-Siria sobre Salud &hellip;<\/p>\n","protected":false},"author":24,"featured_media":339957,"comment_status":"closed","ping_status":"closed","sticky":false,"template":"","format":"standard","meta":{"footnotes":""},"categories":[447,597,20724,476,467,7541],"tags":[],"class_list":["post-339956","post","type-post","status-publish","format-standard","has-post-thumbnail","","category-local-politica","category-cinta-de-noticias","category-minuto-a-minuto","category-locales","category-siria-y-el-mundo","category-ultimas-noticias"],"_links":{"self":[{"href":"https:\/\/archive.sana.sy\/es\/index.php?rest_route=\/wp\/v2\/posts\/339956"}],"collection":[{"href":"https:\/\/archive.sana.sy\/es\/index.php?rest_route=\/wp\/v2\/posts"}],"about":[{"href":"https:\/\/archive.sana.sy\/es\/index.php?rest_route=\/wp\/v2\/types\/post"}],"author":[{"embeddable":true,"href":"https:\/\/archive.sana.sy\/es\/index.php?rest_route=\/wp\/v2\/users\/24"}],"replies":[{"embeddable":true,"href":"https:\/\/archive.sana.sy\/es\/index.php?rest_route=%2Fwp%2Fv2%2Fcomments&post=339956"}],"version-history":[{"count":4,"href":"https:\/\/archive.sana.sy\/es\/index.php?rest_route=\/wp\/v2\/posts\/339956\/revisions"}],"predecessor-version":[{"id":339961,"href":"https:\/\/archive.sana.sy\/es\/index.php?rest_route=\/wp\/v2\/posts\/339956\/revisions\/339961"}],"wp:featuredmedia":[{"embeddable":true,"href":"https:\/\/archive.sana.sy\/es\/index.php?rest_route=\/wp\/v2\/media\/339957"}],"wp:attachment":[{"href":"https:\/\/archive.sana.sy\/es\/index.php?rest_route=%2Fwp%2Fv2%2Fmedia&parent=339956"}],"wp:term":[{"taxonomy":"category","embeddable":true,"href":"https:\/\/archive.sana.sy\/es\/index.php?rest_route=%2Fwp%2Fv2%2Fcategories&post=339956"},{"taxonomy":"post_tag","embeddable":true,"href":"https:\/\/archive.sana.sy\/es\/index.php?rest_route=%2Fwp%2Fv2%2Ftags&post=339956"}],"curies":[{"name":"wp","href":"https:\/\/api.w.org\/{rel}","templated":true}]}}