{"id":339962,"date":"2024-10-08T19:50:52","date_gmt":"2024-10-08T16:50:52","guid":{"rendered":"https:\/\/sana.sy\/es\/?p=339962"},"modified":"2024-10-08T21:19:04","modified_gmt":"2024-10-08T18:19:04","slug":"inauguran-tercera-edicion-de-la-feria-del-libro-sirio","status":"publish","type":"post","link":"https:\/\/archive.sana.sy\/es\/?p=339962","title":{"rendered":"Inauguran tercera edici\u00f3n de la Feria del Libro Sirio"},"content":{"rendered":"<p style=\"text-align: justify\"><span style=\"color: #800000\"><strong>Damasco, 8 oct (SANA)<\/strong> <\/span>Bajo el lema \u201cLeemos para Progresar\u201d, se dio inauguraci\u00f3n esta tarde en la Biblioteca Nacional Al-Assad en Damasco a la 3\u00aa edici\u00f3n de la Feria del Libro Sirio.<\/p>\n<p style=\"text-align: justify\">Este importante evento cultural cuenta con la participaci\u00f3n de 40 editoriales p\u00fablicas y privadas que presentan este a\u00f1o m\u00e1s de 10 mil nuevos t\u00edtulos de diversos temas culturales, pol\u00edticos, econ\u00f3micos, infantiles intelectuales y de literatura.<\/p>\n<p style=\"text-align: justify\">Una variedad de programas culturales, conciertos, cinema, conferencias, se llevar\u00e1n a cabo durante los d\u00edas de la Feria que continuar\u00e1 hasta el 19 de este octubre.<\/p>\n<p style=\"text-align: justify\">Asimismo se considera un punto de encuentro para intelectuales y escritores que compartir\u00e1n sus obras con el p\u00fablico de un lado.<\/p>\n<p style=\"text-align: justify\">Cabe destacar que el acto inaugural cont\u00f3 con la asistencia de la Ministra de Cultura y representantes de varias misiones diplom\u00e1ticas.<\/p>\n<p style=\"text-align: justify\">la<\/p>\n","protected":false},"excerpt":{"rendered":"<p>Damasco, 8 oct (SANA) Bajo el lema \u201cLeemos para Progresar\u201d, se dio inauguraci\u00f3n esta tarde en la Biblioteca Nacional Al-Assad en Damasco a la 3\u00aa edici\u00f3n de la Feria del Libro Sirio. Este importante evento cultural cuenta con la participaci\u00f3n de 40 editoriales p\u00fablicas y privadas que presentan este a\u00f1o m\u00e1s de 10 mil nuevos &hellip;<\/p>\n","protected":false},"author":24,"featured_media":339971,"comment_status":"closed","ping_status":"closed","sticky":false,"template":"","format":"standard","meta":{"footnotes":""},"categories":[447,597,20724,476,7541],"tags":[],"class_list":["post-339962","post","type-post","status-publish","format-standard","has-post-thumbnail","","category-local-politica","category-cinta-de-noticias","category-minuto-a-minuto","category-locales","category-ultimas-noticias"],"_links":{"self":[{"href":"https:\/\/archive.sana.sy\/es\/index.php?rest_route=\/wp\/v2\/posts\/339962"}],"collection":[{"href":"https:\/\/archive.sana.sy\/es\/index.php?rest_route=\/wp\/v2\/posts"}],"about":[{"href":"https:\/\/archive.sana.sy\/es\/index.php?rest_route=\/wp\/v2\/types\/post"}],"author":[{"embeddable":true,"href":"https:\/\/archive.sana.sy\/es\/index.php?rest_route=\/wp\/v2\/users\/24"}],"replies":[{"embeddable":true,"href":"https:\/\/archive.sana.sy\/es\/index.php?rest_route=%2Fwp%2Fv2%2Fcomments&post=339962"}],"version-history":[{"count":7,"href":"https:\/\/archive.sana.sy\/es\/index.php?rest_route=\/wp\/v2\/posts\/339962\/revisions"}],"predecessor-version":[{"id":339997,"href":"https:\/\/archive.sana.sy\/es\/index.php?rest_route=\/wp\/v2\/posts\/339962\/revisions\/339997"}],"wp:featuredmedia":[{"embeddable":true,"href":"https:\/\/archive.sana.sy\/es\/index.php?rest_route=\/wp\/v2\/media\/339971"}],"wp:attachment":[{"href":"https:\/\/archive.sana.sy\/es\/index.php?rest_route=%2Fwp%2Fv2%2Fmedia&parent=339962"}],"wp:term":[{"taxonomy":"category","embeddable":true,"href":"https:\/\/archive.sana.sy\/es\/index.php?rest_route=%2Fwp%2Fv2%2Fcategories&post=339962"},{"taxonomy":"post_tag","embeddable":true,"href":"https:\/\/archive.sana.sy\/es\/index.php?rest_route=%2Fwp%2Fv2%2Ftags&post=339962"}],"curies":[{"name":"wp","href":"https:\/\/api.w.org\/{rel}","templated":true}]}}