{"id":340015,"date":"2024-10-09T06:10:12","date_gmt":"2024-10-09T03:10:12","guid":{"rendered":"https:\/\/sana.sy\/es\/?p=340015"},"modified":"2024-10-09T06:10:12","modified_gmt":"2024-10-09T03:10:12","slug":"siria-denuncia-ataque-israeli-contra-civiles-indefensos-en-damasco","status":"publish","type":"post","link":"https:\/\/archive.sana.sy\/es\/?p=340015","title":{"rendered":"Siria denuncia ataque israel\u00ed contra civiles indefensos en Damasco"},"content":{"rendered":"<p style=\"text-align: justify;\"><span style=\"color: #800000;\"><strong>Damasco, 9 oct (SANA)\u00a0<\/strong> <\/span>El gobierno sirio conden\u00f3 en\u00e9rgicamente el brutal y criminal bombardeo israel\u00ed contra civiles indefensos en el barrio Mezzeh de Damasco, y pidi\u00f3 la tomar de medidas inmediatas para disuadir a Israel.<\/p>\n<p style=\"text-align: justify;\">La Canciller\u00eda siria afirm\u00f3 en un comunicado, que el reciente ataque contra Mezzeh es una nueva violaci\u00f3n del derecho internacional y evidencia la persistencia de \u201cIsrael\u201d de ampliar la magnitud de su brutal agresi\u00f3n contra los pa\u00edses y pueblos de la regi\u00f3n<\/p>\n<p style=\"text-align: justify;\">Siria condena en los t\u00e9rminos m\u00e1s en\u00e9rgicos este brutal crimen contra civiles indefensos, y considera que el mismo constituye una continuaci\u00f3n de los cr\u00edmenes de genocidio cometidos por la entidad usurpadora de Israel contra los palestinos y libaneses, afirm\u00f3 la nota de Canciller\u00eda.<\/p>\n<p style=\"text-align: justify;\">Destac\u00f3 la necesidad de tomar medidas inmediatas para disuadir a Israel y obligarlo a parar su enfoque criminal basado en propagar la muerte, la destrucci\u00f3n y el caos en la regi\u00f3n, y sus pretensiones de arrastrar la zona a una confrontaci\u00f3n que tendr\u00e1 consecuencias desastrosas.<\/p>\n<p style=\"text-align: justify;\"><img loading=\"lazy\" decoding=\"async\" class=\"wp-image-340001 alignleft\" src=\"http:\/\/sana.sy\/es\/wp-content\/uploads\/2024\/10\/462440418_946869730804438_6621955948722878734_n.jpg\" alt=\"\" width=\"409\" height=\"271\" srcset=\"https:\/\/archive.sana.sy\/es\/wp-content\/uploads\/2024\/10\/462440418_946869730804438_6621955948722878734_n.jpg 1280w, https:\/\/archive.sana.sy\/es\/wp-content\/uploads\/2024\/10\/462440418_946869730804438_6621955948722878734_n-300x199.jpg 300w, https:\/\/archive.sana.sy\/es\/wp-content\/uploads\/2024\/10\/462440418_946869730804438_6621955948722878734_n-1024x678.jpg 1024w, https:\/\/archive.sana.sy\/es\/wp-content\/uploads\/2024\/10\/462440418_946869730804438_6621955948722878734_n-150x99.jpg 150w, https:\/\/archive.sana.sy\/es\/wp-content\/uploads\/2024\/10\/462440418_946869730804438_6621955948722878734_n-768x508.jpg 768w, https:\/\/archive.sana.sy\/es\/wp-content\/uploads\/2024\/10\/462440418_946869730804438_6621955948722878734_n-310x205.jpg 310w\" sizes=\"(max-width: 409px) 100vw, 409px\" \/>El Ministerio de Defensa de Siria inform\u00f3 que sobre las 20:15 hora local de este martes, 8 de octubre, el ej\u00e9rcito de ocupaci\u00f3n israel\u00ed perpetr\u00f3 una agresi\u00f3n con tres misiles lanzados desde la direcci\u00f3n del Gol\u00e1n sirio ocupado, contra un edificio residencial y comercial en Mezzeh, un barrio densamente poblado en Damasco, la capital siria.<\/p>\n<p style=\"text-align: justify;\">Seg\u00fan el ente castrense, la agresi\u00f3n provoc\u00f3, en un saldo preliminar, la muerte de siete civiles, entre ellos ni\u00f1os y mujeres, mientras 11 resultaron heridos.<\/p>\n<p style=\"text-align: justify;\">Asimismo, hubo da\u00f1os materiales importantes en las propiedades privadas, y a\u00fan contin\u00faan los trabajos para rescatar a otras personas de debajo de los escombros.<\/p>\n<p style=\"text-align: justify;\">fm<\/p>\n","protected":false},"excerpt":{"rendered":"<p>Damasco, 9 oct (SANA)\u00a0 El gobierno sirio conden\u00f3 en\u00e9rgicamente el brutal y criminal bombardeo israel\u00ed contra civiles indefensos en el barrio Mezzeh de Damasco, y pidi\u00f3 la tomar de medidas inmediatas para disuadir a Israel. La Canciller\u00eda siria afirm\u00f3 en un comunicado, que el reciente ataque contra Mezzeh es una nueva violaci\u00f3n del derecho internacional &hellip;<\/p>\n","protected":false},"author":34,"featured_media":332348,"comment_status":"closed","ping_status":"closed","sticky":false,"template":"","format":"standard","meta":{"footnotes":""},"categories":[447,477,597,573,20724,476,7541],"tags":[],"class_list":["post-340015","post","type-post","status-publish","format-standard","has-post-thumbnail","","category-local-politica","category-noticias-edulcorantes","category-cinta-de-noticias","category-la-realidad-de-los-acontecimientos-en-siria","category-minuto-a-minuto","category-locales","category-ultimas-noticias"],"_links":{"self":[{"href":"https:\/\/archive.sana.sy\/es\/index.php?rest_route=\/wp\/v2\/posts\/340015"}],"collection":[{"href":"https:\/\/archive.sana.sy\/es\/index.php?rest_route=\/wp\/v2\/posts"}],"about":[{"href":"https:\/\/archive.sana.sy\/es\/index.php?rest_route=\/wp\/v2\/types\/post"}],"author":[{"embeddable":true,"href":"https:\/\/archive.sana.sy\/es\/index.php?rest_route=\/wp\/v2\/users\/34"}],"replies":[{"embeddable":true,"href":"https:\/\/archive.sana.sy\/es\/index.php?rest_route=%2Fwp%2Fv2%2Fcomments&post=340015"}],"version-history":[{"count":1,"href":"https:\/\/archive.sana.sy\/es\/index.php?rest_route=\/wp\/v2\/posts\/340015\/revisions"}],"predecessor-version":[{"id":340016,"href":"https:\/\/archive.sana.sy\/es\/index.php?rest_route=\/wp\/v2\/posts\/340015\/revisions\/340016"}],"wp:featuredmedia":[{"embeddable":true,"href":"https:\/\/archive.sana.sy\/es\/index.php?rest_route=\/wp\/v2\/media\/332348"}],"wp:attachment":[{"href":"https:\/\/archive.sana.sy\/es\/index.php?rest_route=%2Fwp%2Fv2%2Fmedia&parent=340015"}],"wp:term":[{"taxonomy":"category","embeddable":true,"href":"https:\/\/archive.sana.sy\/es\/index.php?rest_route=%2Fwp%2Fv2%2Fcategories&post=340015"},{"taxonomy":"post_tag","embeddable":true,"href":"https:\/\/archive.sana.sy\/es\/index.php?rest_route=%2Fwp%2Fv2%2Ftags&post=340015"}],"curies":[{"name":"wp","href":"https:\/\/api.w.org\/{rel}","templated":true}]}}