{"id":340026,"date":"2024-10-09T10:17:56","date_gmt":"2024-10-09T07:17:56","guid":{"rendered":"https:\/\/sana.sy\/es\/?p=340026"},"modified":"2024-10-09T10:19:05","modified_gmt":"2024-10-09T07:19:05","slug":"ejercito-israeli-sufre-35-bajas-en-sus-intentos-de-invasion-terrestre-en-el-sur-del-libano","status":"publish","type":"post","link":"https:\/\/archive.sana.sy\/es\/?p=340026","title":{"rendered":"Ej\u00e9rcito israel\u00ed sufre 35 bajas en sus intentos de invasi\u00f3n terrestre en el sur del L\u00edbano"},"content":{"rendered":"<p style=\"text-align: justify;\"><span style=\"color: #800000;\"><strong>Beirut, 8 oct (SANA)<\/strong><\/span>\u00a0 \u00a0La Resistencia Libanesa (Hezbol\u00e1) sigue enfrentando a las fuerzas del ocupante israel\u00ed que intentan avanzar hacia las aldeas del sur del L\u00edbano, cerca de los territorios palestinos ocupados.<\/p>\n<p style=\"text-align: justify;\">En un comunicado, la Resistencia anunci\u00f3 la eliminaci\u00f3n de 35 militares israel\u00edes y la lesi\u00f3n de otros 200 durante sus intentos de invasi\u00f3n terrestre en localidades y aldeas del sur del L\u00edbano.<\/p>\n<p style=\"text-align: justify;\">Hasta el momento, el ej\u00e9rcito israel\u00ed no logr\u00f3 entrar en nuestras aldeas en el territorio sure\u00f1o y est\u00e1 sufriendo grandes p\u00e9rdidas que superan los 35 muertos y 200 heridos entre oficiales y soldados de \u00e9lite, agreg\u00f3 la nota.<\/p>\n<p style=\"text-align: justify;\">Advirti\u00f3 que sus combatientes est\u00e1n completamente preparados para atacar cualquier lugar y sitio en Palestina ocupada.<\/p>\n<p style=\"text-align: justify;\">Hezbol\u00e1 intensific\u00f3 sus ataques contra objetivos militares israel\u00edes en respuesta a la escalada sangrienta israel\u00ed al sur y este del L\u00edbano.<\/p>\n<p style=\"text-align: justify;\"><span style=\"color: #800000;\"><strong>ws\/fm<\/strong><\/span><\/p>\n","protected":false},"excerpt":{"rendered":"<p>Beirut, 8 oct (SANA)\u00a0 \u00a0La Resistencia Libanesa (Hezbol\u00e1) sigue enfrentando a las fuerzas del ocupante israel\u00ed que intentan avanzar hacia las aldeas del sur del L\u00edbano, cerca de los territorios palestinos ocupados. En un comunicado, la Resistencia anunci\u00f3 la eliminaci\u00f3n de 35 militares israel\u00edes y la lesi\u00f3n de otros 200 durante sus intentos de invasi\u00f3n &hellip;<\/p>\n","protected":false},"author":35,"featured_media":340027,"comment_status":"closed","ping_status":"closed","sticky":false,"template":"","format":"standard","meta":{"footnotes":""},"categories":[597,456,16687,20724,7541],"tags":[],"class_list":["post-340026","post","type-post","status-publish","format-standard","has-post-thumbnail","","category-cinta-de-noticias","category-arabe-internacional-politica","category-internacionales","category-minuto-a-minuto","category-ultimas-noticias"],"_links":{"self":[{"href":"https:\/\/archive.sana.sy\/es\/index.php?rest_route=\/wp\/v2\/posts\/340026"}],"collection":[{"href":"https:\/\/archive.sana.sy\/es\/index.php?rest_route=\/wp\/v2\/posts"}],"about":[{"href":"https:\/\/archive.sana.sy\/es\/index.php?rest_route=\/wp\/v2\/types\/post"}],"author":[{"embeddable":true,"href":"https:\/\/archive.sana.sy\/es\/index.php?rest_route=\/wp\/v2\/users\/35"}],"replies":[{"embeddable":true,"href":"https:\/\/archive.sana.sy\/es\/index.php?rest_route=%2Fwp%2Fv2%2Fcomments&post=340026"}],"version-history":[{"count":2,"href":"https:\/\/archive.sana.sy\/es\/index.php?rest_route=\/wp\/v2\/posts\/340026\/revisions"}],"predecessor-version":[{"id":340029,"href":"https:\/\/archive.sana.sy\/es\/index.php?rest_route=\/wp\/v2\/posts\/340026\/revisions\/340029"}],"wp:featuredmedia":[{"embeddable":true,"href":"https:\/\/archive.sana.sy\/es\/index.php?rest_route=\/wp\/v2\/media\/340027"}],"wp:attachment":[{"href":"https:\/\/archive.sana.sy\/es\/index.php?rest_route=%2Fwp%2Fv2%2Fmedia&parent=340026"}],"wp:term":[{"taxonomy":"category","embeddable":true,"href":"https:\/\/archive.sana.sy\/es\/index.php?rest_route=%2Fwp%2Fv2%2Fcategories&post=340026"},{"taxonomy":"post_tag","embeddable":true,"href":"https:\/\/archive.sana.sy\/es\/index.php?rest_route=%2Fwp%2Fv2%2Ftags&post=340026"}],"curies":[{"name":"wp","href":"https:\/\/api.w.org\/{rel}","templated":true}]}}