{"id":340063,"date":"2024-10-09T16:28:27","date_gmt":"2024-10-09T13:28:27","guid":{"rendered":"https:\/\/sana.sy\/es\/?p=340063"},"modified":"2024-10-09T16:32:37","modified_gmt":"2024-10-09T13:32:37","slug":"israel-mato-e-hirio-a-140-000-palestinos-desde-el-inicio-de-su-guerra-en-gaza","status":"publish","type":"post","link":"https:\/\/archive.sana.sy\/es\/?p=340063","title":{"rendered":"\u201cIsrael\u201d mat\u00f3 e hiri\u00f3 a 140.000 palestinos desde el inicio de su guerra en Gaza"},"content":{"rendered":"<p style=\"text-align: justify;\"><span style=\"color: #800000;\"><strong>Jerusal\u00e9n ocupada , 9 oct (SANA) <\/strong><\/span>El Ministerio de Salud palestino anunci\u00f3 hoy que el ej\u00e9rcito israel\u00ed cometi\u00f3 tres masacres en la Franja de Gaza durante las \u00faltimas 24 horas, con un saldo de 45 muertos y 130 heridos.<\/p>\n<p style=\"text-align: justify;\">El Ministerio agreg\u00f3 que el n\u00famero total de v\u00edctimas durante 369 d\u00edas de agresi\u00f3n israel\u00ed contra Gaza aument\u00f3 a 42 mil 10 muertos y 97 mil 720 heridos.<\/p>\n<p style=\"text-align: justify;\">Aclar\u00f3 que miles de v\u00edctimas todav\u00eda se encuentran bajo los escombros y en las carreteras, y las ambulancias y los equipos de defensa civil no pueden llegar a ellos.<\/p>\n<p style=\"text-align: justify;\">Este mi\u00e9rcoles, el n\u00famero de v\u00edctimas del bombardeo de las fuerzas de ocupaci\u00f3n israel\u00edes contra un hospital en el campo de Jabalia, en el norte de la Franja de Gaza, aument\u00f3 a 15 muertos y varios heridos.<\/p>\n<p style=\"text-align: justify;\">A su vez, fuentes m\u00e9dicas confirmaron que 60 palestinos murieron en los ataques a\u00e9reos de la ocupaci\u00f3n israel\u00ed en Gaza desde el amanecer de este mi\u00e9rcoles, incluidos 47 en el norte de la Franja de Gaza.<\/p>\n<p style=\"text-align: justify;\">as\/fm<\/p>\n","protected":false},"excerpt":{"rendered":"<p>Jerusal\u00e9n ocupada , 9 oct (SANA) El Ministerio de Salud palestino anunci\u00f3 hoy que el ej\u00e9rcito israel\u00ed cometi\u00f3 tres masacres en la Franja de Gaza durante las \u00faltimas 24 horas, con un saldo de 45 muertos y 130 heridos. El Ministerio agreg\u00f3 que el n\u00famero total de v\u00edctimas durante 369 d\u00edas de agresi\u00f3n israel\u00ed contra &hellip;<\/p>\n","protected":false},"author":42,"featured_media":340064,"comment_status":"closed","ping_status":"closed","sticky":false,"template":"","format":"standard","meta":{"footnotes":""},"categories":[597,456,16687,20724,583],"tags":[],"class_list":["post-340063","post","type-post","status-publish","format-standard","has-post-thumbnail","","category-cinta-de-noticias","category-arabe-internacional-politica","category-internacionales","category-minuto-a-minuto","category-slide"],"_links":{"self":[{"href":"https:\/\/archive.sana.sy\/es\/index.php?rest_route=\/wp\/v2\/posts\/340063"}],"collection":[{"href":"https:\/\/archive.sana.sy\/es\/index.php?rest_route=\/wp\/v2\/posts"}],"about":[{"href":"https:\/\/archive.sana.sy\/es\/index.php?rest_route=\/wp\/v2\/types\/post"}],"author":[{"embeddable":true,"href":"https:\/\/archive.sana.sy\/es\/index.php?rest_route=\/wp\/v2\/users\/42"}],"replies":[{"embeddable":true,"href":"https:\/\/archive.sana.sy\/es\/index.php?rest_route=%2Fwp%2Fv2%2Fcomments&post=340063"}],"version-history":[{"count":1,"href":"https:\/\/archive.sana.sy\/es\/index.php?rest_route=\/wp\/v2\/posts\/340063\/revisions"}],"predecessor-version":[{"id":340065,"href":"https:\/\/archive.sana.sy\/es\/index.php?rest_route=\/wp\/v2\/posts\/340063\/revisions\/340065"}],"wp:featuredmedia":[{"embeddable":true,"href":"https:\/\/archive.sana.sy\/es\/index.php?rest_route=\/wp\/v2\/media\/340064"}],"wp:attachment":[{"href":"https:\/\/archive.sana.sy\/es\/index.php?rest_route=%2Fwp%2Fv2%2Fmedia&parent=340063"}],"wp:term":[{"taxonomy":"category","embeddable":true,"href":"https:\/\/archive.sana.sy\/es\/index.php?rest_route=%2Fwp%2Fv2%2Fcategories&post=340063"},{"taxonomy":"post_tag","embeddable":true,"href":"https:\/\/archive.sana.sy\/es\/index.php?rest_route=%2Fwp%2Fv2%2Ftags&post=340063"}],"curies":[{"name":"wp","href":"https:\/\/api.w.org\/{rel}","templated":true}]}}