{"id":340066,"date":"2024-10-09T18:28:48","date_gmt":"2024-10-09T15:28:48","guid":{"rendered":"https:\/\/sana.sy\/es\/?p=340066"},"modified":"2024-10-09T19:56:51","modified_gmt":"2024-10-09T16:56:51","slug":"inicia-la-septima-temporada-de-las-jornadas-de-las-artes-plasticas-sirias-2024","status":"publish","type":"post","link":"https:\/\/archive.sana.sy\/es\/?p=340066","title":{"rendered":"Inicia Jornada de las Artes Pl\u00e1sticas Sirias 2024"},"content":{"rendered":"<p style=\"text-align: justify\"><span style=\"color: #800000\"><strong>Damasco, 9 oct (SANA)<\/strong> <\/span>El Ministerio de Cultura inaugur\u00f3 este mi\u00e9rcoles en el Museo Nacional de Damasco, la s\u00e9ptima temporada de los D\u00edas de las Artes Pl\u00e1sticas Sirias 2024, bajo el t\u00edtulo \u201cLa Presencia de la Memoria\u201d.<\/p>\n<p style=\"text-align: justify\">Las actividades de la jornada durar\u00e1n hasta el 24 del mes en curso, donde incluir\u00e1n numerosas exposiciones en las galer\u00edas p\u00fablicas y privadas de todas las provincias del pa\u00eds, conciertos, adem\u00e1s de seminarios acad\u00e9micos que se llevar\u00e1n a cabo en la Facultad de Bellas Artes.<\/p>\n<p style=\"text-align: justify\">Nota en desarrollo&#8230;..<\/p>\n","protected":false},"excerpt":{"rendered":"<p>Damasco, 9 oct (SANA) El Ministerio de Cultura inaugur\u00f3 este mi\u00e9rcoles en el Museo Nacional de Damasco, la s\u00e9ptima temporada de los D\u00edas de las Artes Pl\u00e1sticas Sirias 2024, bajo el t\u00edtulo \u201cLa Presencia de la Memoria\u201d. Las actividades de la jornada durar\u00e1n hasta el 24 del mes en curso, donde incluir\u00e1n numerosas exposiciones en &hellip;<\/p>\n","protected":false},"author":24,"featured_media":340067,"comment_status":"closed","ping_status":"closed","sticky":false,"template":"","format":"standard","meta":{"footnotes":""},"categories":[477,597,20724,476,7541],"tags":[],"class_list":["post-340066","post","type-post","status-publish","format-standard","has-post-thumbnail","","category-noticias-edulcorantes","category-cinta-de-noticias","category-minuto-a-minuto","category-locales","category-ultimas-noticias"],"_links":{"self":[{"href":"https:\/\/archive.sana.sy\/es\/index.php?rest_route=\/wp\/v2\/posts\/340066"}],"collection":[{"href":"https:\/\/archive.sana.sy\/es\/index.php?rest_route=\/wp\/v2\/posts"}],"about":[{"href":"https:\/\/archive.sana.sy\/es\/index.php?rest_route=\/wp\/v2\/types\/post"}],"author":[{"embeddable":true,"href":"https:\/\/archive.sana.sy\/es\/index.php?rest_route=\/wp\/v2\/users\/24"}],"replies":[{"embeddable":true,"href":"https:\/\/archive.sana.sy\/es\/index.php?rest_route=%2Fwp%2Fv2%2Fcomments&post=340066"}],"version-history":[{"count":5,"href":"https:\/\/archive.sana.sy\/es\/index.php?rest_route=\/wp\/v2\/posts\/340066\/revisions"}],"predecessor-version":[{"id":340083,"href":"https:\/\/archive.sana.sy\/es\/index.php?rest_route=\/wp\/v2\/posts\/340066\/revisions\/340083"}],"wp:featuredmedia":[{"embeddable":true,"href":"https:\/\/archive.sana.sy\/es\/index.php?rest_route=\/wp\/v2\/media\/340067"}],"wp:attachment":[{"href":"https:\/\/archive.sana.sy\/es\/index.php?rest_route=%2Fwp%2Fv2%2Fmedia&parent=340066"}],"wp:term":[{"taxonomy":"category","embeddable":true,"href":"https:\/\/archive.sana.sy\/es\/index.php?rest_route=%2Fwp%2Fv2%2Fcategories&post=340066"},{"taxonomy":"post_tag","embeddable":true,"href":"https:\/\/archive.sana.sy\/es\/index.php?rest_route=%2Fwp%2Fv2%2Ftags&post=340066"}],"curies":[{"name":"wp","href":"https:\/\/api.w.org\/{rel}","templated":true}]}}