{"id":340072,"date":"2024-10-09T18:53:43","date_gmt":"2024-10-09T15:53:43","guid":{"rendered":"https:\/\/sana.sy\/es\/?p=340072"},"modified":"2024-10-09T18:53:43","modified_gmt":"2024-10-09T15:53:43","slug":"el-numero-de-las-victimas-de-la-continua-agresion-israeli-contra-el-libano-se-eleva-a-2-141-martires-y-10-099-heridos-segun-datos-del-ministerio-de-salud-libanes","status":"publish","type":"post","link":"https:\/\/archive.sana.sy\/es\/?p=340072","title":{"rendered":"El n\u00famero de las v\u00edctimas de la continua agresi\u00f3n israel\u00ed contra el L\u00edbano se eleva a 2.141 m\u00e1rtires y 10.099 heridos, seg\u00fan datos del Ministerio de Salud liban\u00e9s"},"content":{"rendered":"","protected":false},"excerpt":{"rendered":"","protected":false},"author":24,"featured_media":0,"comment_status":"closed","ping_status":"closed","sticky":false,"template":"","format":"standard","meta":{"footnotes":""},"categories":[20724],"tags":[],"class_list":["post-340072","post","type-post","status-publish","format-standard","","category-minuto-a-minuto"],"_links":{"self":[{"href":"https:\/\/archive.sana.sy\/es\/index.php?rest_route=\/wp\/v2\/posts\/340072"}],"collection":[{"href":"https:\/\/archive.sana.sy\/es\/index.php?rest_route=\/wp\/v2\/posts"}],"about":[{"href":"https:\/\/archive.sana.sy\/es\/index.php?rest_route=\/wp\/v2\/types\/post"}],"author":[{"embeddable":true,"href":"https:\/\/archive.sana.sy\/es\/index.php?rest_route=\/wp\/v2\/users\/24"}],"replies":[{"embeddable":true,"href":"https:\/\/archive.sana.sy\/es\/index.php?rest_route=%2Fwp%2Fv2%2Fcomments&post=340072"}],"version-history":[{"count":1,"href":"https:\/\/archive.sana.sy\/es\/index.php?rest_route=\/wp\/v2\/posts\/340072\/revisions"}],"predecessor-version":[{"id":340073,"href":"https:\/\/archive.sana.sy\/es\/index.php?rest_route=\/wp\/v2\/posts\/340072\/revisions\/340073"}],"wp:attachment":[{"href":"https:\/\/archive.sana.sy\/es\/index.php?rest_route=%2Fwp%2Fv2%2Fmedia&parent=340072"}],"wp:term":[{"taxonomy":"category","embeddable":true,"href":"https:\/\/archive.sana.sy\/es\/index.php?rest_route=%2Fwp%2Fv2%2Fcategories&post=340072"},{"taxonomy":"post_tag","embeddable":true,"href":"https:\/\/archive.sana.sy\/es\/index.php?rest_route=%2Fwp%2Fv2%2Ftags&post=340072"}],"curies":[{"name":"wp","href":"https:\/\/api.w.org\/{rel}","templated":true}]}}