{"id":340074,"date":"2024-10-09T19:34:22","date_gmt":"2024-10-09T16:34:22","guid":{"rendered":"https:\/\/sana.sy\/es\/?p=340074"},"modified":"2024-10-09T19:54:53","modified_gmt":"2024-10-09T16:54:53","slug":"rusia-expresa-energica-condena-a-la-agresion-israeli-contra-edificio-residencial-en-la-capital-siria","status":"publish","type":"post","link":"https:\/\/archive.sana.sy\/es\/?p=340074","title":{"rendered":"Rusia expresa en\u00e9rgica condena a la agresi\u00f3n israel\u00ed contra edificio residencial en la capital siria"},"content":{"rendered":"<blockquote>\n<p style=\"text-align: justify\"><span style=\"color: #993300\">Mosc\u00fa reiter\u00f3 los llamados \u201cIsrael\u201d para que respete la soberan\u00eda de los Estados, y cumpla con las normas b\u00e1sicas del derecho internacional<\/span><\/p>\n<\/blockquote>\n<p style=\"text-align: justify\"><span style=\"color: #800000\"><strong>Mosc\u00fa, 9 oct (SANA)<\/strong> <\/span>Rusia expres\u00f3 su rotunda condena al ataque israel\u00ed que se llev\u00f3 a cabo en la noche del 8 de octubre contra la capital siria Damasco.<\/p>\n<p style=\"text-align: justify\">En declaraciones citadas por la agencia Tass, la portavoz de la Canciller\u00eda rusa, Mar\u00eda Zaj\u00e1rova conden\u00f3 en los t\u00e9rminos m\u00e1s en\u00e9rgicos este ataque que ocurri\u00f3 en una zona densamente poblada y dej\u00f3 \u201cinevitables v\u00edctimas entre los inocentes\u201d.<\/p>\n<p style=\"text-align: justify\">\u201cEs indignante que tales acciones se hayan convertido literalmente en una pr\u00e1ctica rutinaria, aplicada en Siria, Ir\u00e1n y la Franja de Gaza&#8221;, denunci\u00f3 la diplom\u00e1tica.<\/p>\n<p style=\"text-align: justify\">En este contexto, \u00a0reiter\u00f3 los llamados de Rusia a \u201cIsrael\u201d para que respete la soberan\u00eda de los Estados, y cumpla con las normas b\u00e1sicas del derecho internacional.<\/p>\n<p style=\"text-align: justify\">Zaj\u00e1rova destac\u00f3 que estas agresiones muestran una vez m\u00e1s la intenci\u00f3n de \u201cIsrael\u201d de seguir ampliando la escalada militar en la regi\u00f3n.<\/p>\n<p style=\"text-align: justify\">El Ministerio de Defensa de Siria inform\u00f3 ayer que a las 20:15 hora local, el ej\u00e9rcito del ocupante israel\u00ed lanz\u00f3 una agresi\u00f3n con tres misiles desde el Gol\u00e1n sirio ocupado, contra un edificio residencial y comercial en el distrito capitalino de Mezzeh en Damasco, lo que dej\u00f3 siete v\u00edctimas mortales, entre ellos ni\u00f1os y mujeres, y 11 heridos.<\/p>\n<p style=\"text-align: justify\">la<\/p>\n","protected":false},"excerpt":{"rendered":"<p>Mosc\u00fa reiter\u00f3 los llamados \u201cIsrael\u201d para que respete la soberan\u00eda de los Estados, y cumpla con las normas b\u00e1sicas del derecho internacional Mosc\u00fa, 9 oct (SANA) Rusia expres\u00f3 su rotunda condena al ataque israel\u00ed que se llev\u00f3 a cabo en la noche del 8 de octubre contra la capital siria Damasco. En declaraciones citadas por &hellip;<\/p>\n","protected":false},"author":24,"featured_media":340075,"comment_status":"closed","ping_status":"closed","sticky":false,"template":"","format":"standard","meta":{"footnotes":""},"categories":[597,20724,467,7541],"tags":[],"class_list":["post-340074","post","type-post","status-publish","format-standard","has-post-thumbnail","","category-cinta-de-noticias","category-minuto-a-minuto","category-siria-y-el-mundo","category-ultimas-noticias"],"_links":{"self":[{"href":"https:\/\/archive.sana.sy\/es\/index.php?rest_route=\/wp\/v2\/posts\/340074"}],"collection":[{"href":"https:\/\/archive.sana.sy\/es\/index.php?rest_route=\/wp\/v2\/posts"}],"about":[{"href":"https:\/\/archive.sana.sy\/es\/index.php?rest_route=\/wp\/v2\/types\/post"}],"author":[{"embeddable":true,"href":"https:\/\/archive.sana.sy\/es\/index.php?rest_route=\/wp\/v2\/users\/24"}],"replies":[{"embeddable":true,"href":"https:\/\/archive.sana.sy\/es\/index.php?rest_route=%2Fwp%2Fv2%2Fcomments&post=340074"}],"version-history":[{"count":4,"href":"https:\/\/archive.sana.sy\/es\/index.php?rest_route=\/wp\/v2\/posts\/340074\/revisions"}],"predecessor-version":[{"id":340082,"href":"https:\/\/archive.sana.sy\/es\/index.php?rest_route=\/wp\/v2\/posts\/340074\/revisions\/340082"}],"wp:featuredmedia":[{"embeddable":true,"href":"https:\/\/archive.sana.sy\/es\/index.php?rest_route=\/wp\/v2\/media\/340075"}],"wp:attachment":[{"href":"https:\/\/archive.sana.sy\/es\/index.php?rest_route=%2Fwp%2Fv2%2Fmedia&parent=340074"}],"wp:term":[{"taxonomy":"category","embeddable":true,"href":"https:\/\/archive.sana.sy\/es\/index.php?rest_route=%2Fwp%2Fv2%2Fcategories&post=340074"},{"taxonomy":"post_tag","embeddable":true,"href":"https:\/\/archive.sana.sy\/es\/index.php?rest_route=%2Fwp%2Fv2%2Ftags&post=340074"}],"curies":[{"name":"wp","href":"https:\/\/api.w.org\/{rel}","templated":true}]}}