{"id":340079,"date":"2024-10-09T19:49:07","date_gmt":"2024-10-09T16:49:07","guid":{"rendered":"https:\/\/sana.sy\/es\/?p=340079"},"modified":"2024-10-09T19:52:49","modified_gmt":"2024-10-09T16:52:49","slug":"libano-anuncia-nueva-cifra-de-martires-y-lesionados-por-la-brutal-agresion-israeli","status":"publish","type":"post","link":"https:\/\/archive.sana.sy\/es\/?p=340079","title":{"rendered":"L\u00edbano anuncia nueva cifra de m\u00e1rtires y lesionados por la brutal agresi\u00f3n israel\u00ed"},"content":{"rendered":"<p style=\"text-align: justify\"><span style=\"color: #800000\"><strong>Beirut, 9 oct (SANA)<\/strong><\/span> El Ministerio de Salud P\u00fablica liban\u00e9s anunci\u00f3 hoy que el n\u00famero de v\u00edctimas desde el inicio de la agresi\u00f3n israel\u00ed contra el L\u00edbano se ha elevado a 2.141 v\u00edctimas mortales y 10.099 heridos.<\/p>\n<p style=\"text-align: justify\">\u201cDurante las \u00faltimas 24 horas se registraron 22 m\u00e1rtires y 80 heridos, lo que eleva el n\u00famero total desde el inicio de la agresi\u00f3n israel\u00ed contra el L\u00edbano a 2.141 m\u00e1rtires y 10.099 heridos\u201d, cit\u00f3 la Agencia Nacional del L\u00edbano a la entidad de salud.<\/p>\n<p style=\"text-align: justify\">El enemigo israel\u00ed sigue bombardeando de forma brutal zonas residenciales en el L\u00edbano, Gaza y Siria, demostrando de esta forma su desprecio total a todas las normas y leyes del Derecho Internacional.<\/p>\n<p>la<\/p>\n","protected":false},"excerpt":{"rendered":"<p>Beirut, 9 oct (SANA) El Ministerio de Salud P\u00fablica liban\u00e9s anunci\u00f3 hoy que el n\u00famero de v\u00edctimas desde el inicio de la agresi\u00f3n israel\u00ed contra el L\u00edbano se ha elevado a 2.141 v\u00edctimas mortales y 10.099 heridos. \u201cDurante las \u00faltimas 24 horas se registraron 22 m\u00e1rtires y 80 heridos, lo que eleva el n\u00famero total &hellip;<\/p>\n","protected":false},"author":24,"featured_media":340080,"comment_status":"closed","ping_status":"closed","sticky":false,"template":"","format":"standard","meta":{"footnotes":""},"categories":[597,456,20724,476,583],"tags":[],"class_list":["post-340079","post","type-post","status-publish","format-standard","has-post-thumbnail","","category-cinta-de-noticias","category-arabe-internacional-politica","category-minuto-a-minuto","category-locales","category-slide"],"_links":{"self":[{"href":"https:\/\/archive.sana.sy\/es\/index.php?rest_route=\/wp\/v2\/posts\/340079"}],"collection":[{"href":"https:\/\/archive.sana.sy\/es\/index.php?rest_route=\/wp\/v2\/posts"}],"about":[{"href":"https:\/\/archive.sana.sy\/es\/index.php?rest_route=\/wp\/v2\/types\/post"}],"author":[{"embeddable":true,"href":"https:\/\/archive.sana.sy\/es\/index.php?rest_route=\/wp\/v2\/users\/24"}],"replies":[{"embeddable":true,"href":"https:\/\/archive.sana.sy\/es\/index.php?rest_route=%2Fwp%2Fv2%2Fcomments&post=340079"}],"version-history":[{"count":1,"href":"https:\/\/archive.sana.sy\/es\/index.php?rest_route=\/wp\/v2\/posts\/340079\/revisions"}],"predecessor-version":[{"id":340081,"href":"https:\/\/archive.sana.sy\/es\/index.php?rest_route=\/wp\/v2\/posts\/340079\/revisions\/340081"}],"wp:featuredmedia":[{"embeddable":true,"href":"https:\/\/archive.sana.sy\/es\/index.php?rest_route=\/wp\/v2\/media\/340080"}],"wp:attachment":[{"href":"https:\/\/archive.sana.sy\/es\/index.php?rest_route=%2Fwp%2Fv2%2Fmedia&parent=340079"}],"wp:term":[{"taxonomy":"category","embeddable":true,"href":"https:\/\/archive.sana.sy\/es\/index.php?rest_route=%2Fwp%2Fv2%2Fcategories&post=340079"},{"taxonomy":"post_tag","embeddable":true,"href":"https:\/\/archive.sana.sy\/es\/index.php?rest_route=%2Fwp%2Fv2%2Ftags&post=340079"}],"curies":[{"name":"wp","href":"https:\/\/api.w.org\/{rel}","templated":true}]}}