{"id":340085,"date":"2024-10-09T20:21:36","date_gmt":"2024-10-09T17:21:36","guid":{"rendered":"https:\/\/sana.sy\/es\/?p=340085"},"modified":"2024-10-09T20:22:07","modified_gmt":"2024-10-09T17:22:07","slug":"siria-e-irak-coordinan-respuesta-humanitaria-a-los-hermanos-libaneses","status":"publish","type":"post","link":"https:\/\/archive.sana.sy\/es\/?p=340085","title":{"rendered":"Siria e Irak coordinan respuesta humanitaria a los hermanos libaneses"},"content":{"rendered":"<p style=\"text-align: justify\"><span style=\"color: #800000\"><strong>Damasco, 9 oct (SANA)<\/strong> <\/span>El ministro de Administraci\u00f3n Local y Medio Ambiente, Louay Kharita, se reuni\u00f3 hoy con Yassin Sharif Al-Hajimi, encargado de Negocios de la Embajada de Irak, para discutir la coordinaci\u00f3n en la respuesta humanitaria de emergencia destinada a los libaneses y sirios que han buscado refugio en Siria a consecuencia de la agresi\u00f3n israel\u00ed.<\/p>\n<p style=\"text-align: justify\">El titular sirio ofreci\u00f3 una panor\u00e1mica sobre los empe\u00f1os de Damasco al respecto, inclusive las facilitaciones ofrecidas en los puntos fronterizos, y la apertura de centros de acogida a los desplazados.<\/p>\n<p style=\"text-align: justify\">Por su parte, Al-Hujaimi destac\u00f3 que su gobierno recibi\u00f3 a una parte de los libaneses en Irak y se encarg\u00f3 a asegurar su estancia y necesidades b\u00e1sicas. El diplom\u00e1tico iraqu\u00ed resalt\u00f3 tambi\u00e9n las iniciativas populares para preparar y enviar convoyes de asistencia humanitaria y cl\u00ednicas m\u00f3viles a los hermanos reci\u00e9n llegados a Siria.<\/p>\n<p>&nbsp;<\/p>\n<p>la<\/p>\n","protected":false},"excerpt":{"rendered":"<p>Damasco, 9 oct (SANA) El ministro de Administraci\u00f3n Local y Medio Ambiente, Louay Kharita, se reuni\u00f3 hoy con Yassin Sharif Al-Hajimi, encargado de Negocios de la Embajada de Irak, para discutir la coordinaci\u00f3n en la respuesta humanitaria de emergencia destinada a los libaneses y sirios que han buscado refugio en Siria a consecuencia de la &hellip;<\/p>\n","protected":false},"author":24,"featured_media":340086,"comment_status":"closed","ping_status":"closed","sticky":false,"template":"","format":"standard","meta":{"footnotes":""},"categories":[477,597,20724,476,467,7541],"tags":[],"class_list":["post-340085","post","type-post","status-publish","format-standard","has-post-thumbnail","","category-noticias-edulcorantes","category-cinta-de-noticias","category-minuto-a-minuto","category-locales","category-siria-y-el-mundo","category-ultimas-noticias"],"_links":{"self":[{"href":"https:\/\/archive.sana.sy\/es\/index.php?rest_route=\/wp\/v2\/posts\/340085"}],"collection":[{"href":"https:\/\/archive.sana.sy\/es\/index.php?rest_route=\/wp\/v2\/posts"}],"about":[{"href":"https:\/\/archive.sana.sy\/es\/index.php?rest_route=\/wp\/v2\/types\/post"}],"author":[{"embeddable":true,"href":"https:\/\/archive.sana.sy\/es\/index.php?rest_route=\/wp\/v2\/users\/24"}],"replies":[{"embeddable":true,"href":"https:\/\/archive.sana.sy\/es\/index.php?rest_route=%2Fwp%2Fv2%2Fcomments&post=340085"}],"version-history":[{"count":2,"href":"https:\/\/archive.sana.sy\/es\/index.php?rest_route=\/wp\/v2\/posts\/340085\/revisions"}],"predecessor-version":[{"id":340088,"href":"https:\/\/archive.sana.sy\/es\/index.php?rest_route=\/wp\/v2\/posts\/340085\/revisions\/340088"}],"wp:featuredmedia":[{"embeddable":true,"href":"https:\/\/archive.sana.sy\/es\/index.php?rest_route=\/wp\/v2\/media\/340086"}],"wp:attachment":[{"href":"https:\/\/archive.sana.sy\/es\/index.php?rest_route=%2Fwp%2Fv2%2Fmedia&parent=340085"}],"wp:term":[{"taxonomy":"category","embeddable":true,"href":"https:\/\/archive.sana.sy\/es\/index.php?rest_route=%2Fwp%2Fv2%2Fcategories&post=340085"},{"taxonomy":"post_tag","embeddable":true,"href":"https:\/\/archive.sana.sy\/es\/index.php?rest_route=%2Fwp%2Fv2%2Ftags&post=340085"}],"curies":[{"name":"wp","href":"https:\/\/api.w.org\/{rel}","templated":true}]}}