{"id":340107,"date":"2024-10-10T11:25:52","date_gmt":"2024-10-10T08:25:52","guid":{"rendered":"https:\/\/sana.sy\/es\/?p=340107"},"modified":"2024-10-10T11:26:19","modified_gmt":"2024-10-10T08:26:19","slug":"resistencia-de-irak-ataca-objetivos-vitales-israelies-en-palestina-ocupada","status":"publish","type":"post","link":"https:\/\/archive.sana.sy\/es\/?p=340107","title":{"rendered":"Resistencia de Irak ataca objetivos vitales israel\u00edes en Palestina ocupada"},"content":{"rendered":"<p style=\"text-align: justify;\"><span style=\"color: #800000;\"><strong>Bagdad, 10 oct (SANA)\u00a0<\/strong> <\/span>La Resistencia en Irak anunci\u00f3 que hab\u00eda atacado dos objetivos vitales israel\u00edes en el norte de los territorios palestinos ocupados.<\/p>\n<p style=\"text-align: justify;\">En un comunicado, la Resistencia inform\u00f3 que sus combatientes atacaron con drones esta madrugada del jueves, un objetivo vital al norte de los territorios ocupados.<\/p>\n<p style=\"text-align: justify;\">Estas operaciones se realizaron en respuesta a las masacres cometidas por la entidad sionista contra civiles, incluidos ni\u00f1os, mujeres y ancianos, en Gaza y El L\u00edbano, agreg\u00f3 la nota.<\/p>\n<p style=\"text-align: justify;\">Mientras en otra declaraci\u00f3n, anunci\u00f3 que otro blanco vital del ej\u00e9rcito israel\u00ed fue golpeado con un avi\u00f3n no tripulado en la misma regi\u00f3n.<\/p>\n<p style=\"text-align: justify;\">Desde octubre de 2023, la Resistencia en Iraq ha llevado a cabo numerosas operaciones militares contra objetivos en las tierras ocupadas con el fin de presionar a \u201cIsrael\u201d para para que ponga fin a sus atrocidades contra palestinos en Gaza y ahora contra El L\u00edbano.<\/p>\n<p style=\"text-align: justify;\"><strong>ws\/fm<\/strong><\/p>\n","protected":false},"excerpt":{"rendered":"<p>Bagdad, 10 oct (SANA)\u00a0 La Resistencia en Irak anunci\u00f3 que hab\u00eda atacado dos objetivos vitales israel\u00edes en el norte de los territorios palestinos ocupados. En un comunicado, la Resistencia inform\u00f3 que sus combatientes atacaron con drones esta madrugada del jueves, un objetivo vital al norte de los territorios ocupados. Estas operaciones se realizaron en respuesta &hellip;<\/p>\n","protected":false},"author":35,"featured_media":340108,"comment_status":"closed","ping_status":"closed","sticky":false,"template":"","format":"standard","meta":{"footnotes":""},"categories":[597,456,16687,20724,7541],"tags":[],"class_list":["post-340107","post","type-post","status-publish","format-standard","has-post-thumbnail","","category-cinta-de-noticias","category-arabe-internacional-politica","category-internacionales","category-minuto-a-minuto","category-ultimas-noticias"],"_links":{"self":[{"href":"https:\/\/archive.sana.sy\/es\/index.php?rest_route=\/wp\/v2\/posts\/340107"}],"collection":[{"href":"https:\/\/archive.sana.sy\/es\/index.php?rest_route=\/wp\/v2\/posts"}],"about":[{"href":"https:\/\/archive.sana.sy\/es\/index.php?rest_route=\/wp\/v2\/types\/post"}],"author":[{"embeddable":true,"href":"https:\/\/archive.sana.sy\/es\/index.php?rest_route=\/wp\/v2\/users\/35"}],"replies":[{"embeddable":true,"href":"https:\/\/archive.sana.sy\/es\/index.php?rest_route=%2Fwp%2Fv2%2Fcomments&post=340107"}],"version-history":[{"count":2,"href":"https:\/\/archive.sana.sy\/es\/index.php?rest_route=\/wp\/v2\/posts\/340107\/revisions"}],"predecessor-version":[{"id":340110,"href":"https:\/\/archive.sana.sy\/es\/index.php?rest_route=\/wp\/v2\/posts\/340107\/revisions\/340110"}],"wp:featuredmedia":[{"embeddable":true,"href":"https:\/\/archive.sana.sy\/es\/index.php?rest_route=\/wp\/v2\/media\/340108"}],"wp:attachment":[{"href":"https:\/\/archive.sana.sy\/es\/index.php?rest_route=%2Fwp%2Fv2%2Fmedia&parent=340107"}],"wp:term":[{"taxonomy":"category","embeddable":true,"href":"https:\/\/archive.sana.sy\/es\/index.php?rest_route=%2Fwp%2Fv2%2Fcategories&post=340107"},{"taxonomy":"post_tag","embeddable":true,"href":"https:\/\/archive.sana.sy\/es\/index.php?rest_route=%2Fwp%2Fv2%2Ftags&post=340107"}],"curies":[{"name":"wp","href":"https:\/\/api.w.org\/{rel}","templated":true}]}}